{"id":6077,"date":"2026-09-03T08:39:10","date_gmt":"2026-09-03T11:39:10","guid":{"rendered":"https:\/\/extension.uncoma.edu.ar\/?p=6077"},"modified":"2026-09-03T08:39:23","modified_gmt":"2026-09-03T11:39:23","slug":"memoria-derechos-humanos-y-ambiente-en-en-crusma","status":"publish","type":"post","link":"https:\/\/extension.uncoma.edu.ar\/index.php\/consejo-de-extension\/memoria-derechos-humanos-y-ambiente-en-en-crusma\/","title":{"rendered":"Memoria, Derechos Humanos y Ambiente en el CRUSMA"},"content":{"rendered":"<p>El Centro Regional Universitario San Mart\u00edn de los Andes (CRUSMA) invita a la comunidad a participar de dos actividades abiertas que se desarrollar\u00e1n esta semana en la instituci\u00f3n, vinculadas con la memoria, los derechos humanos y las problem\u00e1ticas ambientales de nuestro territorio.<\/p>\n<p>&nbsp;<\/p>\n<p><strong>Presentaci\u00f3n del libro Carne de ca\u00f1\u00f3n<\/strong><\/p>\n<p>El viernes 4 de septiembre a las 18 hs, en el Aula Magna del CRUSMA, se presentar\u00e1 el libro \u00abCarne de ca\u00f1\u00f3n. Memorias travestis trans de la dictadura\u00bb, una publicaci\u00f3n del Archivo de la Memoria Trans Argentina.<\/p>\n<p>La presentaci\u00f3n estar\u00e1 a cargo de Tatiana Breve, nodocente de la Universidad Nacional del Comahue, secretaria de Derechos Humanos y G\u00e9nero de APUNC y coordinadora de la Casa ATTA de Neuqu\u00e9n.<\/p>\n<p>La actividad propone recuperar memorias y visibilizar historias de la comunidad travesti-trans durante la \u00faltima dictadura, reafirmando el compromiso con los Derechos Humanos y una universidad p\u00fablica inclusiva y democr\u00e1tica.<\/p>\n<p><img decoding=\"async\" src=\"http:\/\/extension.uncoma.edu.ar\/wp-content\/uploads\/2026\/09\/WhatsApp-Image-2026-08-31-at-14.39.44-240x300.jpeg\" alt=\"\" width=\"240\" height=\"300\" class=\"alignnone wp-image-6079 size-medium\" srcset=\"https:\/\/extension.uncoma.edu.ar\/wp-content\/uploads\/2026\/09\/WhatsApp-Image-2026-08-31-at-14.39.44-200x250.jpeg 200w, https:\/\/extension.uncoma.edu.ar\/wp-content\/uploads\/2026\/09\/WhatsApp-Image-2026-08-31-at-14.39.44-240x300.jpeg 240w, https:\/\/extension.uncoma.edu.ar\/wp-content\/uploads\/2026\/09\/WhatsApp-Image-2026-08-31-at-14.39.44-400x500.jpeg 400w, https:\/\/extension.uncoma.edu.ar\/wp-content\/uploads\/2026\/09\/WhatsApp-Image-2026-08-31-at-14.39.44-600x750.jpeg 600w, https:\/\/extension.uncoma.edu.ar\/wp-content\/uploads\/2026\/09\/WhatsApp-Image-2026-08-31-at-14.39.44-768x960.jpeg 768w, https:\/\/extension.uncoma.edu.ar\/wp-content\/uploads\/2026\/09\/WhatsApp-Image-2026-08-31-at-14.39.44-800x1000.jpeg 800w, https:\/\/extension.uncoma.edu.ar\/wp-content\/uploads\/2026\/09\/WhatsApp-Image-2026-08-31-at-14.39.44-819x1024.jpeg 819w, https:\/\/extension.uncoma.edu.ar\/wp-content\/uploads\/2026\/09\/WhatsApp-Image-2026-08-31-at-14.39.44.jpeg 1080w\" sizes=\"(max-width: 240px) 100vw, 240px\" \/><\/p>\n<p>&nbsp;<\/p>\n<p><strong>Proyecci\u00f3n del documental Ecos del Fuego<\/strong><br \/>\nEl s\u00e1bado 5 de septiembre a las 18hs, el espacio Bardo Cultural organizar\u00e1 en el CRUSMA la proyecci\u00f3n del documental Ecos del Fuego, dirigido por Hern\u00e1n Andrade, que reconstruye los graves incendios forestales ocurridos en 2021 en la Comarca Andina del Paralelo 42\u00b0.<\/p>\n<p>La actividad contar\u00e1 con la presencia del director y del investigador Mariano Amoroso (IRNAD\/UNRN-CONICET), especialista en la tem\u00e1tica, con quienes se desarrollar\u00e1 posteriormente un debate abierto con vecinos y vecinas de la localidad.<\/p>\n<p><img decoding=\"async\" src=\"http:\/\/extension.uncoma.edu.ar\/wp-content\/uploads\/2026\/09\/Ecos-del-Fuego-240x300.jpeg\" alt=\"\" width=\"240\" height=\"300\" class=\"alignnone wp-image-6080 size-medium\" srcset=\"https:\/\/extension.uncoma.edu.ar\/wp-content\/uploads\/2026\/09\/Ecos-del-Fuego-200x250.jpeg 200w, https:\/\/extension.uncoma.edu.ar\/wp-content\/uploads\/2026\/09\/Ecos-del-Fuego-240x300.jpeg 240w, https:\/\/extension.uncoma.edu.ar\/wp-content\/uploads\/2026\/09\/Ecos-del-Fuego-400x500.jpeg 400w, https:\/\/extension.uncoma.edu.ar\/wp-content\/uploads\/2026\/09\/Ecos-del-Fuego-600x750.jpeg 600w, https:\/\/extension.uncoma.edu.ar\/wp-content\/uploads\/2026\/09\/Ecos-del-Fuego-768x960.jpeg 768w, https:\/\/extension.uncoma.edu.ar\/wp-content\/uploads\/2026\/09\/Ecos-del-Fuego-800x1000.jpeg 800w, https:\/\/extension.uncoma.edu.ar\/wp-content\/uploads\/2026\/09\/Ecos-del-Fuego-819x1024.jpeg 819w, https:\/\/extension.uncoma.edu.ar\/wp-content\/uploads\/2026\/09\/Ecos-del-Fuego.jpeg 1080w\" sizes=\"(max-width: 240px) 100vw, 240px\" \/><\/p>\n<p>Desde el CRUSMA se destaca la importancia de generar espacios de encuentro y reflexi\u00f3n sobre los incendios forestales, su prevenci\u00f3n y el cuidado de nuestros territorios, sin esperar a la llegada de la temporada de verano para poner esta problem\u00e1tica en agenda.<\/p>\n<p>Ambas actividades son abiertas a la comunidad y con entrada libre.<\/p>\n<p>&nbsp;<\/p>\n","protected":false},"excerpt":{"rendered":"<p>El Centro Regional Universitario San Mart\u00edn de los Andes (CRUSMA)  [&#8230;]<\/p>\n","protected":false},"author":9,"featured_media":6078,"comment_status":"open","ping_status":"open","sticky":false,"template":"","format":"standard","meta":{"_acf_changed":false,"footnotes":""},"categories":[119],"tags":[],"class_list":["post-6077","post","type-post","status-publish","format-standard","has-post-thumbnail","hentry","category-consejo-de-extension"],"acf":[],"_links":{"self":[{"href":"https:\/\/extension.uncoma.edu.ar\/index.php\/wp-json\/wp\/v2\/posts\/6077","targetHints":{"allow":["GET"]}}],"collection":[{"href":"https:\/\/extension.uncoma.edu.ar\/index.php\/wp-json\/wp\/v2\/posts"}],"about":[{"href":"https:\/\/extension.uncoma.edu.ar\/index.php\/wp-json\/wp\/v2\/types\/post"}],"author":[{"embeddable":true,"href":"https:\/\/extension.uncoma.edu.ar\/index.php\/wp-json\/wp\/v2\/users\/9"}],"replies":[{"embeddable":true,"href":"https:\/\/extension.uncoma.edu.ar\/index.php\/wp-json\/wp\/v2\/comments?post=6077"}],"version-history":[{"count":2,"href":"https:\/\/extension.uncoma.edu.ar\/index.php\/wp-json\/wp\/v2\/posts\/6077\/revisions"}],"predecessor-version":[{"id":6082,"href":"https:\/\/extension.uncoma.edu.ar\/index.php\/wp-json\/wp\/v2\/posts\/6077\/revisions\/6082"}],"wp:featuredmedia":[{"embeddable":true,"href":"https:\/\/extension.uncoma.edu.ar\/index.php\/wp-json\/wp\/v2\/media\/6078"}],"wp:attachment":[{"href":"https:\/\/extension.uncoma.edu.ar\/index.php\/wp-json\/wp\/v2\/media?parent=6077"}],"wp:term":[{"taxonomy":"category","embeddable":true,"href":"https:\/\/extension.uncoma.edu.ar\/index.php\/wp-json\/wp\/v2\/categories?post=6077"},{"taxonomy":"post_tag","embeddable":true,"href":"https:\/\/extension.uncoma.edu.ar\/index.php\/wp-json\/wp\/v2\/tags?post=6077"}],"curies":[{"name":"wp","href":"https:\/\/api.w.org\/{rel}","templated":true}]}}