{"id":6070,"date":"2026-09-04T12:00:45","date_gmt":"2026-09-04T15:00:45","guid":{"rendered":"https:\/\/extension.uncoma.edu.ar\/?p=6070"},"modified":"2026-09-01T13:11:32","modified_gmt":"2026-09-01T16:11:32","slug":"programa-ensamble-vocal-cuatro-quintos","status":"publish","type":"post","link":"https:\/\/extension.uncoma.edu.ar\/index.php\/cultura\/programa-ensamble-vocal-cuatro-quintos\/","title":{"rendered":"Programa Ensamble vocal Cuatro quintos"},"content":{"rendered":"<p style=\"text-align: center;\"><span style=\"color: #333399;\"><strong>Claudio MONTEVERDI<\/strong><\/span><br \/>\n<span style=\"color: #333399;\"><strong>Palabras, afectos y suspiros<\/strong><\/span><br \/>\nViernes 4 de septiembre | 19:00 hs.<br \/>\nSala de Exposiciones del MNBA<br \/>\nEnsamble Vocal Cuatro Quintos<br \/>\nEspineta: Gisela Gregori<br \/>\nPreparaci\u00f3n Vocal: Maximiliano Gallo<br \/>\nDirecci\u00f3n: Manuela Saralegui<\/p>\n<p>&nbsp;<\/p>\n<p style=\"text-align: justify;\"><strong>Ensamble Vocal Cuatro Quintos<\/strong><br \/>\nSe crea en el a\u00f1o 2023 en el marco de las actividades del Coro Universitario que funciona en la Secretar\u00eda de Extensi\u00f3n de la Universidad del Comahue. Desarrolla una intensa labor en el estudio y difusi\u00f3n del repertorio renacentista y barroco como tambi\u00e9n del repertorio universal para coro de c\u00e1mara.<\/p>\n<p style=\"text-align: justify;\">Sopranos: Victoria Ghiselli, Noelia Giuliano, Selene Stenta<br \/>\nAltos: Malena Arethy Segovia, Carina Vega<br \/>\nTenores: Eduardo Ezequiel Kunz, Maximiliano Gallo<br \/>\nBajos: Federico Fushimi, Israel Matamala<\/p>\n<p style=\"text-align: justify;\">Gisela Gregori, bajo continuo. Pianista, clavecinista, organista y pianista de tango de Bah\u00eda Blanca. Egresada del Conservatorio de M\u00fasica de Bah\u00eda Blanca, se especializa en m\u00fasica antigua y se ha presentado como solista y continuista en importantes salas y festivales de Argentina y Brasil, incluyendo el Teatro Col\u00f3n. Actualmente integra Sexteto La Mariposa y Bomba Cumbia, desarrollando una activa trayectoria en tango y m\u00fasica popular. Se desempe\u00f1a adem\u00e1s como profesora de Piano y pianista acompa\u00f1ante en el Conservatorio de M\u00fasica de Bah\u00eda Blanca y en la Escuela de Danzas de Bah\u00eda Blanca.<\/p>\n<p>&nbsp;<\/p>\n<p><span style=\"color: #333399;\"><strong>PROGRAMA<\/strong><\/span><br \/>\nClaudio Monteverdi (1567-1643)<\/p>\n<p><span style=\"color: #333399;\"><strong>Secondo libro de madrigali (Venecia, 1590)<\/strong><\/span><br \/>\n<span style=\"color: #333399;\"><strong>Ecco mormorar l&#8217;onde<\/strong><\/span><\/p>\n<p>He ah\u00ed las olas susurrantes<br \/>\ny el follaje tembloroso<br \/>\ncon la brisa matutina y los arbustos,<br \/>\ny sobre las verdes ramas los bellos p\u00e1jaros<br \/>\ncantan suavemente y sonr\u00ede el oriente.<br \/>\nHe ah\u00ed que ya aparece el alba<br \/>\ny se refleja en el mar<br \/>\ny serena el cielo<br \/>\ny perla el dulce hielo<br \/>\ny dora los altos montes.<br \/>\n\u00a1Oh, bella y hermosa aurora,<br \/>\nla brisa es tu mensajera<br \/>\ny t\u00fa de la brisa que todo coraz\u00f3n abrasado restaura!<\/p>\n<p><span style=\"color: #333399;\"><strong>Seconda raccolta de&#8217; sacri canti (1624)<\/strong><\/span><br \/>\n<span style=\"color: #333399;\"><strong>Venite, venite sitientes<\/strong><\/span><\/p>\n<p>Oh, venid, oh, venid a las aguas, todos los que ten\u00e9is sed del Se\u00f1or.<br \/>\nApresuraos a tomar esta leche y miel que ninguna plata puede comprar.<br \/>\nVenid, bebamos el vino que os imparte una sabidur\u00eda inefable.<br \/>\nComed, bebed, amigos, de esta miel y leche divinas.<br \/>\nPorque el amor de Dios es mejor que el vino que consuela al mundo.<\/p>\n<p><span style=\"color: #333399;\"><strong>Settimo libro de madrigali (Venecia, 1619)<\/strong><\/span><br \/>\n<span style=\"color: #333399;\"><strong>S\u00b4el vostro cor, madonna<\/strong><\/span><\/p>\n<p>Si vuestro coraz\u00f3n, Se\u00f1ora,<br \/>\ncon otros tan piadoso,<br \/>\nde su digno llanto al m\u00edo indigno<br \/>\nuna vez se volviese,<br \/>\ny una sola l\u00e1grima a mi languidecer diese,<br \/>\nquiz\u00e1s en mi dolor<br \/>\nver\u00eda la perfidia ajena y el propio error.<br \/>\nY a vos misma os dir\u00edais: \u00ab\u00a1Ah, si supiese<br \/>\ndar piedad como piedad deseo!\u00bb<\/p>\n<p><span style=\"color: #333399;\"><strong>Sesto Libro de Madrigali (Venecia, 1614)<\/strong><\/span><br \/>\n<span style=\"color: #333399;\"><strong>Lamento d&#8217;Arianna<\/strong><\/span><\/p>\n<p><strong>I. Lasciatemi morire<\/strong><br \/>\n\u00a1Ay! Dejadme morir,<br \/>\n\u00bfQu\u00e9 puede confortarme<br \/>\nante esta dura suerte,<br \/>\nen este gran martirio?<br \/>\n\u00a1Ay! Dejadme morir.<\/p>\n<p><strong>II. O Teseo, o Teseo mio<\/strong><br \/>\n\u00a1Oh Teseo, oh Teseo m\u00edo!<br \/>\nTe quiero llamar m\u00edo, puesto que m\u00edo eres,<br \/>\n\u00a1Oh Teseo, oh Teseo m\u00edo!<br \/>\nTe quiero llamar m\u00edo, puesto que m\u00edo eres,<br \/>\naunque esquives, oh cruel, los ojos m\u00edos.<br \/>\nRetorna, Teseo m\u00edo,<br \/>\nretorna, amado \u00eddolo,<br \/>\nvuelve a mirar a aquella<br \/>\nque por ti abandon\u00f3 su patria y reino,<br \/>\ny en esta playa ahora<br \/>\npresa de fieras despiadadas y crueles,<br \/>\nsus huesos dejar\u00e1.<br \/>\n\u00a1Teseo, oh Teseo m\u00edo!,<br \/>\nPor Dios, si t\u00fa supieses,<br \/>\nsi supieras \u00a1ay de m\u00ed! cu\u00e1nto padece<br \/>\nla desdichada Ariadna,<br \/>\nquiz\u00e1, quiz\u00e1 contrito,<br \/>\nenfilar\u00edas tu proa hacia esta orilla.<br \/>\nMas con la dulce brisa<br \/>\nt\u00fa partes tan contento, mientras lloro.<br \/>\nAtenas te prepara<br \/>\nuna suntuosa fiesta, yo aqu\u00ed me quedo<br \/>\nv\u00edctima solitaria de las fieras.<br \/>\nTus viejos padres, uno y otra,<br \/>\nte abrazar\u00e1n felices. Yo en cambio<br \/>\nnunca m\u00e1s os ver\u00e9, \u00a1oh madre, oh padre m\u00edo!<\/p>\n<p><strong>III. Dove, dove \u00e8 la fede<\/strong><br \/>\n\u00bfD\u00f3nde, en d\u00f3nde est\u00e1 la fe<br \/>\nque tanto me juraste?<br \/>\n\u00bfEs as\u00ed como al trono<br \/>\npretendes que yo ascienda?<br \/>\n\u00bfSon \u00e9stas las coronas<br \/>\nque han de ce\u00f1ir mis sienes?<br \/>\n\u00bfAcaso \u00e9stos los cetros,<br \/>\nlas alhajas y el oro?<br \/>\n\u00bfDejarme abandonada<br \/>\nentre bestias feroces?<br \/>\n\u00a1Ah Teseo, ah Teseo m\u00edo!,<br \/>\n\u00bfdejar\u00e1s t\u00fa que muera<br \/>\nllorando en vano y suplicando ayuda<br \/>\nla miserable Ariadna,<br \/>\nque en ti confiaba, y te dio vida y gloria?<br \/>\n<strong><\/strong><\/p>\n<p><strong>IV. Ahi, che non pur risponde<\/strong><br \/>\n\u00a1Ay! No quiere responderme.<br \/>\n\u00a1Ay!\u00a1Como el \u00e1spid es sordo a mis lamentos!<br \/>\n\u00a1Oh nubes, trombas, vientos,<br \/>\nsumergidlo en las olas!<br \/>\n\u00a1Venid, ballenas y orcas,<br \/>\nque sus miembros inmundos<br \/>\ncolmen los abismos profundos!<br \/>\n\u00bfQu\u00e9 digo? \u00a1Ay! Yo deliro.<br \/>\n\u00a1Oh miserable!, \u00bfqu\u00e9 ped\u00eda?<br \/>\n\u00a1Oh Teseo, oh Teseo m\u00edo!,<br \/>\nNo era, no era yo quien<br \/>\ntan duras cosas dijo;<br \/>\nhabl\u00f3 mi af\u00e1n, habl\u00f3 el dolor,<br \/>\nhabl\u00f3 la lengua, no lo hizo el coraz\u00f3n.<br \/>\nM\u00edsera, sigo dando lugar<br \/>\na la esperanza traicionada, y no se apaga<br \/>\na pesar de tanto escarnio el fuego de Amor.<br \/>\n\u00a1Apaga, t\u00fa, muerte, las llamas indignas!<br \/>\n\u00a1Oh Madre, oh Padre, oh del antiguo Reino<br \/>\nlas soberbias moradas, donde tuve cuna de oro,<br \/>\noh sirvientes, oh fieles amigos (ay, destino indigno),<br \/>\nmirad d\u00f3nde me llev\u00f3 la cruel fortuna,<br \/>\nmirad qu\u00e9 dolor hered\u00e9 del amor m\u00edo,<br \/>\nde mi fidelidad y de aquel que me ha enga\u00f1ado!<br \/>\nAs\u00ed vive quien en demas\u00eda ama y se f\u00eda.<\/p>\n<p>El <em>Lamento d&#8217;Arianna<\/em> constituye la \u00fanica secci\u00f3n conservada de la \u00f3pera Arianna (1608). Su<br \/>\nextraordinaria intensidad dram\u00e1tica llev\u00f3 a Monteverdi a reelaborar el lamento en diversas versiones,<br \/>\nentre ellas la adaptaci\u00f3n para madrigal a cinco voces incluida en el Sexto Libro.<\/p>\n<p><span style=\"color: #333399;\"><strong>Sestina: Lagrime d&#8217;amante al sepolcro dell&#8217;amata<\/strong><\/span><br \/>\n<strong><\/strong><\/p>\n<p><strong>I. Incenerite spoglie<\/strong><br \/>\nOh restos reducidos a cenizas, avara tumba,<br \/>\nhecha con mi sol terrenal eres ahora mi cielo.<br \/>\nAy, laso, vengo a poneros en tierra, y est\u00e1 enterrado<br \/>\ncontigo queda cerrado mi coraz\u00f3n en este pecho de m\u00e1rmol,<br \/>\ny noche y d\u00eda vive en fuego, en llanto,<br \/>\nen dolor, en ira, el atormentado Glauco.<\/p>\n<p><strong>II. Ditelo, o fiumi<\/strong><br \/>\nDecidlo, oh r\u00edos, y vosotros que oyeron a Glauco<br \/>\nel aire herir con sus gritos en su tumba<br \/>\nen el campo desierto, solo oidos por las ninfas y el cielo;<br \/>\npara m\u00ed fue alimento el dolor, bebida el llanto,<br \/>\nporque mi amada esta cubierta por la helada tierra,<br \/>\nlecho, oh piedra feliz, donde so\u00f1ar con tu bello seno.<\/p>\n<p><strong>III. Dara la notte il sol<\/strong><br \/>\nIluminar\u00e1 de noche el sol con su luz la tierra<br \/>\ny resplandecer\u00e1 Cintia en el d\u00eda, antes que Glauco<br \/>\ndeje de besar, de honrar aquel seno<br \/>\nque fue nido de amor, y que la dura tumba<br \/>\nahora oprime; las fieras y el cielo solo le proveer\u00e1n<br \/>\ngrandes suspiros y llantos.<\/p>\n<p><strong>IV. Ma te raccoglie, o Ninfa<\/strong><br \/>\nMas, que te acoja, oh Ninfa, en su intimidad el Cielo.<br \/>\nYo por ti veo viuda a la tierra,<br \/>\ndesiertos los bosques, y correr r\u00edos de llanto.<br \/>\nY las dr\u00edades y las ninfas, del triste Glauco<br \/>\nRecuerdan el lamento y sobre la tumba<br \/>\ncantan las cualidades del amado seno.<\/p>\n<p><strong>V. O chiome d&#8217;or<\/strong><br \/>\nOh cabellera de oro, nieve delicada del seno,<br \/>\noh lirios de la mano, que el envidioso cielo<br \/>\nme rob\u00f3, aun cuando est\u00e9is encerrados en ciega tumba,<br \/>\n\u00bfqui\u00e9n puede esconderos? Ay de m\u00ed, pobre tierra,<br \/>\n\u00bfla flor de toda belleza, el sol de Glauco<br \/>\nesconder\u00e1s? Ah, musas, aqu\u00ed rompan en llanto.<\/p>\n<p><strong>VI. Dunque, amate reliquie<\/strong><br \/>\nLuego amadas reliquias, con un mar de llanto<br \/>\n\u00bfno ba\u00f1ar\u00e1n estos ojos el noble seno<br \/>\nde una fr\u00eda roca? Ah\u00ed el afligido Glauco,<br \/>\nhace resonar el nombre de Corinna hasta el mar y el cielo,<br \/>\npara que digan los vientos a toda hora, para que diga la tierra:<br \/>\n\u00abAy Corinna, ay muerte, ay tumba\u00bb.<br \/>\nCeden al llanto las palabras: amado seno,<br \/>\nque te d\u00e9 paz el cielo, y paz para ti Glauco,<br \/>\nreza sobre la honrada tumba y sobre la sagrada tierra.<\/p>\n<p>La Sestina fue compuesta en memoria de la cantante Claudia Cattaneo, fallecida prematuramente.<br \/>\nSobre un texto de Scipione Agnelli, Monteverdi desarrolla un extenso recorrido emocional que transita el duelo, la evocaci\u00f3n amorosa y la aceptaci\u00f3n de la p\u00e9rdida, constituyendo una de las cumbres expresivas del madrigal barroco temprano.<\/p>\n","protected":false},"excerpt":{"rendered":"<p>Claudio MONTEVERDI Palabras, afectos y suspiros Viernes 4 de septiembre  [&#8230;]<\/p>\n","protected":false},"author":9,"featured_media":6071,"comment_status":"open","ping_status":"open","sticky":false,"template":"","format":"standard","meta":{"_acf_changed":false,"footnotes":""},"categories":[118,120],"tags":[],"class_list":["post-6070","post","type-post","status-publish","format-standard","has-post-thumbnail","hentry","category-cultura","category-prensa"],"acf":[],"_links":{"self":[{"href":"https:\/\/extension.uncoma.edu.ar\/index.php\/wp-json\/wp\/v2\/posts\/6070","targetHints":{"allow":["GET"]}}],"collection":[{"href":"https:\/\/extension.uncoma.edu.ar\/index.php\/wp-json\/wp\/v2\/posts"}],"about":[{"href":"https:\/\/extension.uncoma.edu.ar\/index.php\/wp-json\/wp\/v2\/types\/post"}],"author":[{"embeddable":true,"href":"https:\/\/extension.uncoma.edu.ar\/index.php\/wp-json\/wp\/v2\/users\/9"}],"replies":[{"embeddable":true,"href":"https:\/\/extension.uncoma.edu.ar\/index.php\/wp-json\/wp\/v2\/comments?post=6070"}],"version-history":[{"count":1,"href":"https:\/\/extension.uncoma.edu.ar\/index.php\/wp-json\/wp\/v2\/posts\/6070\/revisions"}],"predecessor-version":[{"id":6072,"href":"https:\/\/extension.uncoma.edu.ar\/index.php\/wp-json\/wp\/v2\/posts\/6070\/revisions\/6072"}],"wp:featuredmedia":[{"embeddable":true,"href":"https:\/\/extension.uncoma.edu.ar\/index.php\/wp-json\/wp\/v2\/media\/6071"}],"wp:attachment":[{"href":"https:\/\/extension.uncoma.edu.ar\/index.php\/wp-json\/wp\/v2\/media?parent=6070"}],"wp:term":[{"taxonomy":"category","embeddable":true,"href":"https:\/\/extension.uncoma.edu.ar\/index.php\/wp-json\/wp\/v2\/categories?post=6070"},{"taxonomy":"post_tag","embeddable":true,"href":"https:\/\/extension.uncoma.edu.ar\/index.php\/wp-json\/wp\/v2\/tags?post=6070"}],"curies":[{"name":"wp","href":"https:\/\/api.w.org\/{rel}","templated":true}]}}