{"id":6057,"date":"2026-08-31T09:36:40","date_gmt":"2026-08-31T12:36:40","guid":{"rendered":"https:\/\/extension.uncoma.edu.ar\/?p=6057"},"modified":"2026-08-31T09:36:40","modified_gmt":"2026-08-31T12:36:40","slug":"encuentros-corales-en-el-aula-magna-13","status":"publish","type":"post","link":"https:\/\/extension.uncoma.edu.ar\/index.php\/cultura\/encuentros-corales-en-el-aula-magna-13\/","title":{"rendered":"Encuentros corales en el Aula Magna"},"content":{"rendered":"<p>El Dpto. de Cultura invita a Tercer concierto del Ciclo de Encuentros corales en el Aula Magna. El mismo se realizar\u00e1 el pr\u00f3ximo s\u00e1bado 5 de setiembre a partir de las 19.00 hs. y, en esta ocasi\u00f3n, ser\u00e1 un encuentro destinado a ensambles.<\/p>\n<p>Recibiremos a Alboradas Ensamble y al Cuarteto de cuerdas Confluencias.<\/p>\n<p>Como todos los eventos del ciclo, la entrada es libre y gratuita con colaboraci\u00f3n de alimentos no perecederos y ropa de abrigo que ser\u00e1n destinados al comedor y escuela de f\u00fatbol \u00abPotrero Terra Nostra\u00bb de Colonia Rural NUeva Esperanza.<\/p>\n<p>&nbsp;<\/p>\n<p><img decoding=\"async\" src=\"http:\/\/extension.uncoma.edu.ar\/wp-content\/uploads\/2026\/08\/Afiche-encuentros-corales-2026-Sept_Mesa-de-trabajo-1-copia-4-400x500.jpg\" alt=\"\" width=\"400\" height=\"500\" class=\"alignnone wp-image-6059 size-fusion-400\" srcset=\"https:\/\/extension.uncoma.edu.ar\/wp-content\/uploads\/2026\/08\/Afiche-encuentros-corales-2026-Sept_Mesa-de-trabajo-1-copia-4-200x250.jpg 200w, https:\/\/extension.uncoma.edu.ar\/wp-content\/uploads\/2026\/08\/Afiche-encuentros-corales-2026-Sept_Mesa-de-trabajo-1-copia-4-240x300.jpg 240w, https:\/\/extension.uncoma.edu.ar\/wp-content\/uploads\/2026\/08\/Afiche-encuentros-corales-2026-Sept_Mesa-de-trabajo-1-copia-4-400x500.jpg 400w, https:\/\/extension.uncoma.edu.ar\/wp-content\/uploads\/2026\/08\/Afiche-encuentros-corales-2026-Sept_Mesa-de-trabajo-1-copia-4-600x750.jpg 600w, https:\/\/extension.uncoma.edu.ar\/wp-content\/uploads\/2026\/08\/Afiche-encuentros-corales-2026-Sept_Mesa-de-trabajo-1-copia-4-768x960.jpg 768w, https:\/\/extension.uncoma.edu.ar\/wp-content\/uploads\/2026\/08\/Afiche-encuentros-corales-2026-Sept_Mesa-de-trabajo-1-copia-4-800x1000.jpg 800w, https:\/\/extension.uncoma.edu.ar\/wp-content\/uploads\/2026\/08\/Afiche-encuentros-corales-2026-Sept_Mesa-de-trabajo-1-copia-4-819x1024.jpg 819w, https:\/\/extension.uncoma.edu.ar\/wp-content\/uploads\/2026\/08\/Afiche-encuentros-corales-2026-Sept_Mesa-de-trabajo-1-copia-4.jpg 1081w\" sizes=\"(max-width: 400px) 100vw, 400px\" \/><\/p>\n","protected":false},"excerpt":{"rendered":"<p>El Dpto. de Cultura invita a Tercer concierto del Ciclo  [&#8230;]<\/p>\n","protected":false},"author":9,"featured_media":6058,"comment_status":"open","ping_status":"open","sticky":false,"template":"","format":"standard","meta":{"_acf_changed":false,"footnotes":""},"categories":[118],"tags":[],"class_list":["post-6057","post","type-post","status-publish","format-standard","has-post-thumbnail","hentry","category-cultura"],"acf":[],"_links":{"self":[{"href":"https:\/\/extension.uncoma.edu.ar\/index.php\/wp-json\/wp\/v2\/posts\/6057","targetHints":{"allow":["GET"]}}],"collection":[{"href":"https:\/\/extension.uncoma.edu.ar\/index.php\/wp-json\/wp\/v2\/posts"}],"about":[{"href":"https:\/\/extension.uncoma.edu.ar\/index.php\/wp-json\/wp\/v2\/types\/post"}],"author":[{"embeddable":true,"href":"https:\/\/extension.uncoma.edu.ar\/index.php\/wp-json\/wp\/v2\/users\/9"}],"replies":[{"embeddable":true,"href":"https:\/\/extension.uncoma.edu.ar\/index.php\/wp-json\/wp\/v2\/comments?post=6057"}],"version-history":[{"count":1,"href":"https:\/\/extension.uncoma.edu.ar\/index.php\/wp-json\/wp\/v2\/posts\/6057\/revisions"}],"predecessor-version":[{"id":6060,"href":"https:\/\/extension.uncoma.edu.ar\/index.php\/wp-json\/wp\/v2\/posts\/6057\/revisions\/6060"}],"wp:featuredmedia":[{"embeddable":true,"href":"https:\/\/extension.uncoma.edu.ar\/index.php\/wp-json\/wp\/v2\/media\/6058"}],"wp:attachment":[{"href":"https:\/\/extension.uncoma.edu.ar\/index.php\/wp-json\/wp\/v2\/media?parent=6057"}],"wp:term":[{"taxonomy":"category","embeddable":true,"href":"https:\/\/extension.uncoma.edu.ar\/index.php\/wp-json\/wp\/v2\/categories?post=6057"},{"taxonomy":"post_tag","embeddable":true,"href":"https:\/\/extension.uncoma.edu.ar\/index.php\/wp-json\/wp\/v2\/tags?post=6057"}],"curies":[{"name":"wp","href":"https:\/\/api.w.org\/{rel}","templated":true}]}}