{"id":5956,"date":"2026-08-03T09:21:04","date_gmt":"2026-08-03T12:21:04","guid":{"rendered":"https:\/\/extension.uncoma.edu.ar\/?p=5956"},"modified":"2026-08-03T10:23:31","modified_gmt":"2026-08-03T13:23:31","slug":"lanzan-la-catedra-libre-de-soberania-alimentaria-ambiente-y-salud","status":"publish","type":"post","link":"https:\/\/extension.uncoma.edu.ar\/index.php\/formacion\/lanzan-la-catedra-libre-de-soberania-alimentaria-ambiente-y-salud\/","title":{"rendered":"Lanzan la C\u00e1tedra Libre de Soberan\u00eda Alimentaria, Ambiente y Salud"},"content":{"rendered":"<p>La <a href=\"https:\/\/faciasweb.uncoma.edu.ar\/\">Facultad de Ciencias del Ambiente y la Salud<\/a> invita al lanzamiento de la C\u00e1tedra Libre de Soberan\u00eda Alimentaria, Ambiente y Salud que se realizar\u00e1 el pr\u00f3ximo jueves 6 de agosto a partir de las 15 horas en el auditorio de la Facultad de Turismo.<\/p>\n<div>La primera actividad de la c\u00e1tedra libre ser\u00e1 un <strong>Conversatorio de Soberan\u00eda alimentaria y Lactancia Humana<\/strong>, en el marco de \u201cLa semana Mundial de la Lactancia Materna\u201d.\u00a0La actividad es libre y gratuita pero requiere inscripci\u00f3n en el siguiente link: \u00a0<a href=\"https:\/\/forms.gle\/43PS8bq2C27Yb7Dv8\">https:\/\/forms.gle\/43PS8bq2C27Yb7Dv8<\/a><span> <\/span><\/div>\n<div><\/div>\n<div><span>La semana Mundial de la Lactancia Materna fue instaurada oficialmente por OMS y UNICEF, en 1992, del 1 al 7 de agosto de cada a\u00f1o. En esta semana se celebra en m\u00e1s de 170 pa\u00edses donde se conmemora el aniversario de la declaraci\u00f3n de INNOCENTI (1990).\u00a0<\/span>Actualmente WABA, la Alianza Mundial Pro-Lactancia Materna (coalici\u00f3n mundial de personas, organizaciones y redes dedicadas a la protecci\u00f3n, promoci\u00f3n y apoyo a la Lactancia Materna en todo el mundo) es qui\u00e9n impulsa actividades, re\u00fane organizaciones, profesionales y promueve en todo el planeta promoci\u00f3n, protecci\u00f3n y apoyo a\u00a0 la lactancia.<\/div>\n<div>La C\u00e1tedra Libre de Soberan\u00eda Alimentaria, Ambiente y Salud de FACIAS fue creada mediante Res CD 082\/26 y Res CD 098\/26.\u00a0La misma tiene como ejes:<\/div>\n<div>&#8211;<span> <\/span>Lactancia Humana. El primer acto de soberan\u00eda alimentaria.<\/div>\n<div><span>&#8211; <\/span>Marco legal de la lactancia humana<\/div>\n<div><span>&#8211; <\/span>Alimentaci\u00f3n Sostenible<\/div>\n<div><span>&#8211; <\/span>Estrategias y Redes de Apoyo de promoci\u00f3n protecci\u00f3n y apoyo a la lactancia<\/div>\n<div><\/div>\n<div>La actividad est\u00e1 dirigida a alumnos, docentes, profesionales de la Facultad de Ciencias del Ambiente y la Salud y todas las unidades acad\u00e9micas, universidades, organizaciones, docentes de nivel medio y p\u00fablico en general.<\/div>\n<div><\/div>\n<div><\/div>\n<div><img decoding=\"async\" src=\"http:\/\/extension.uncoma.edu.ar\/wp-content\/uploads\/2026\/08\/Actividad-Facias_Mesa-de-trabajo-1-400x400.jpg\" alt=\"\" width=\"400\" height=\"400\" class=\"alignnone wp-image-5961 size-fusion-400\" srcset=\"https:\/\/extension.uncoma.edu.ar\/wp-content\/uploads\/2026\/08\/Actividad-Facias_Mesa-de-trabajo-1-66x66.jpg 66w, https:\/\/extension.uncoma.edu.ar\/wp-content\/uploads\/2026\/08\/Actividad-Facias_Mesa-de-trabajo-1-150x150.jpg 150w, https:\/\/extension.uncoma.edu.ar\/wp-content\/uploads\/2026\/08\/Actividad-Facias_Mesa-de-trabajo-1-200x200.jpg 200w, https:\/\/extension.uncoma.edu.ar\/wp-content\/uploads\/2026\/08\/Actividad-Facias_Mesa-de-trabajo-1-300x300.jpg 300w, https:\/\/extension.uncoma.edu.ar\/wp-content\/uploads\/2026\/08\/Actividad-Facias_Mesa-de-trabajo-1-400x400.jpg 400w, https:\/\/extension.uncoma.edu.ar\/wp-content\/uploads\/2026\/08\/Actividad-Facias_Mesa-de-trabajo-1.jpg 596w\" sizes=\"(max-width: 400px) 100vw, 400px\" \/><\/div>\n","protected":false},"excerpt":{"rendered":"<p>La Facultad de Ciencias del Ambiente y la Salud invita  [&#8230;]<\/p>\n","protected":false},"author":9,"featured_media":5957,"comment_status":"open","ping_status":"open","sticky":false,"template":"","format":"standard","meta":{"_acf_changed":false,"footnotes":""},"categories":[117,120],"tags":[],"class_list":["post-5956","post","type-post","status-publish","format-standard","has-post-thumbnail","hentry","category-formacion","category-prensa"],"acf":[],"_links":{"self":[{"href":"https:\/\/extension.uncoma.edu.ar\/index.php\/wp-json\/wp\/v2\/posts\/5956","targetHints":{"allow":["GET"]}}],"collection":[{"href":"https:\/\/extension.uncoma.edu.ar\/index.php\/wp-json\/wp\/v2\/posts"}],"about":[{"href":"https:\/\/extension.uncoma.edu.ar\/index.php\/wp-json\/wp\/v2\/types\/post"}],"author":[{"embeddable":true,"href":"https:\/\/extension.uncoma.edu.ar\/index.php\/wp-json\/wp\/v2\/users\/9"}],"replies":[{"embeddable":true,"href":"https:\/\/extension.uncoma.edu.ar\/index.php\/wp-json\/wp\/v2\/comments?post=5956"}],"version-history":[{"count":3,"href":"https:\/\/extension.uncoma.edu.ar\/index.php\/wp-json\/wp\/v2\/posts\/5956\/revisions"}],"predecessor-version":[{"id":5962,"href":"https:\/\/extension.uncoma.edu.ar\/index.php\/wp-json\/wp\/v2\/posts\/5956\/revisions\/5962"}],"wp:featuredmedia":[{"embeddable":true,"href":"https:\/\/extension.uncoma.edu.ar\/index.php\/wp-json\/wp\/v2\/media\/5957"}],"wp:attachment":[{"href":"https:\/\/extension.uncoma.edu.ar\/index.php\/wp-json\/wp\/v2\/media?parent=5956"}],"wp:term":[{"taxonomy":"category","embeddable":true,"href":"https:\/\/extension.uncoma.edu.ar\/index.php\/wp-json\/wp\/v2\/categories?post=5956"},{"taxonomy":"post_tag","embeddable":true,"href":"https:\/\/extension.uncoma.edu.ar\/index.php\/wp-json\/wp\/v2\/tags?post=5956"}],"curies":[{"name":"wp","href":"https:\/\/api.w.org\/{rel}","templated":true}]}}