{"id":5437,"date":"2025-06-06T10:49:47","date_gmt":"2025-06-06T13:49:47","guid":{"rendered":"https:\/\/extension.uncoma.edu.ar\/?p=5437"},"modified":"2025-06-06T10:49:47","modified_gmt":"2025-06-06T13:49:47","slug":"viii-foro-de-economia-y-cultura","status":"publish","type":"post","link":"https:\/\/extension.uncoma.edu.ar\/index.php\/prensa\/viii-foro-de-economia-y-cultura\/","title":{"rendered":"VIII Foro de Econom\u00eda y Cultura"},"content":{"rendered":"<p>El Observatorio Cultural de la Facultad de Ciencias Econ\u00f3micas de la Universidad de Buenos Aires se suma como colaborador del VIII Foro de Econom\u00eda y Cultura que se realizar\u00e1 en la Ciudad de M\u00e9xico entre el 24 y el 26 de septiembre de 2025.<\/p>\n<p>Durante una de esas jornadas, realizar\u00e1 un conversatorio que se transmitir\u00e1 en directo por el canal de Youtube de la Facultad y a trav\u00e9s de una plataforma a definir. Se invita a sumarse a la convocatoria de M\u00e9xico y a la de Buenos Aires a partir de los tres ejes convocantes:<\/p>\n<p>1. Econom\u00eda y Cultura. Categor\u00edas, aportes, replanteamientos y coyunturas.<\/p>\n<p>2. Pol\u00edticas p\u00fablicas culturales en clave de gobernanza desde la econom\u00eda y la cultura. Plataformas de Informaci\u00f3n cultural: cuentas sat\u00e9lite de la cultura, observatorios culturales, etc. Trabajo y empleo cultural: an\u00e1lisis del sector, condiciones laborales de artistas y trabajadores culturales, precariedad, informalidad y profesionalizaci\u00f3n, nuevos perfiles y competencias del sector, etc. Normatividad, institucionalidad y derechos culturales: propiedad intelectual, mecanismos de gobernanza locales, mecanismos de transparencia cultural, presupuestos, etc. Iniciativas macro: Objetivos de Desarrollo Sostenible (Agenda 2030), Mondiacult 2025, etc.<\/p>\n<p>3. Formaci\u00f3n y profesionalizaci\u00f3n en Econom\u00eda y Cultura: metodolog\u00edas, estrategias y abordajes de acci\u00f3n.<\/p>\n<p>M\u00e1s informaci\u00f3n sobre la convocatoria de art\u00edculos para M\u00e9xico en: <a href=\"https:\/\/www.economiaycultura.org\/\">https:\/\/www.economiaycultura.org\/<\/a><\/p>\n<p>&nbsp;<\/p>\n<p><img decoding=\"async\" src=\"http:\/\/extension.uncoma.edu.ar\/wp-content\/uploads\/2025\/06\/Convocatoria-abierta_ForoVIII_2000-x-2000-400x400.jpg\" alt=\"\" width=\"400\" height=\"400\" class=\"alignnone wp-image-5438 size-fusion-400\" srcset=\"https:\/\/extension.uncoma.edu.ar\/wp-content\/uploads\/2025\/06\/Convocatoria-abierta_ForoVIII_2000-x-2000-66x66.jpg 66w, https:\/\/extension.uncoma.edu.ar\/wp-content\/uploads\/2025\/06\/Convocatoria-abierta_ForoVIII_2000-x-2000-150x150.jpg 150w, https:\/\/extension.uncoma.edu.ar\/wp-content\/uploads\/2025\/06\/Convocatoria-abierta_ForoVIII_2000-x-2000-200x200.jpg 200w, https:\/\/extension.uncoma.edu.ar\/wp-content\/uploads\/2025\/06\/Convocatoria-abierta_ForoVIII_2000-x-2000-300x300.jpg 300w, https:\/\/extension.uncoma.edu.ar\/wp-content\/uploads\/2025\/06\/Convocatoria-abierta_ForoVIII_2000-x-2000-400x400.jpg 400w, https:\/\/extension.uncoma.edu.ar\/wp-content\/uploads\/2025\/06\/Convocatoria-abierta_ForoVIII_2000-x-2000-600x600.jpg 600w, https:\/\/extension.uncoma.edu.ar\/wp-content\/uploads\/2025\/06\/Convocatoria-abierta_ForoVIII_2000-x-2000-768x768.jpg 768w, https:\/\/extension.uncoma.edu.ar\/wp-content\/uploads\/2025\/06\/Convocatoria-abierta_ForoVIII_2000-x-2000-800x800.jpg 800w, https:\/\/extension.uncoma.edu.ar\/wp-content\/uploads\/2025\/06\/Convocatoria-abierta_ForoVIII_2000-x-2000-1024x1024.jpg 1024w, https:\/\/extension.uncoma.edu.ar\/wp-content\/uploads\/2025\/06\/Convocatoria-abierta_ForoVIII_2000-x-2000-1200x1200.jpg 1200w, https:\/\/extension.uncoma.edu.ar\/wp-content\/uploads\/2025\/06\/Convocatoria-abierta_ForoVIII_2000-x-2000-1536x1536.jpg 1536w, https:\/\/extension.uncoma.edu.ar\/wp-content\/uploads\/2025\/06\/Convocatoria-abierta_ForoVIII_2000-x-2000.jpg 2000w\" sizes=\"(max-width: 400px) 100vw, 400px\" \/><\/p>\n","protected":false},"excerpt":{"rendered":"<p>El Observatorio Cultural de la Facultad de Ciencias Econ\u00f3micas de  [&#8230;]<\/p>\n","protected":false},"author":9,"featured_media":5438,"comment_status":"open","ping_status":"open","sticky":false,"template":"","format":"standard","meta":{"_acf_changed":false,"footnotes":""},"categories":[120],"tags":[],"class_list":["post-5437","post","type-post","status-publish","format-standard","has-post-thumbnail","hentry","category-prensa"],"acf":[],"_links":{"self":[{"href":"https:\/\/extension.uncoma.edu.ar\/index.php\/wp-json\/wp\/v2\/posts\/5437","targetHints":{"allow":["GET"]}}],"collection":[{"href":"https:\/\/extension.uncoma.edu.ar\/index.php\/wp-json\/wp\/v2\/posts"}],"about":[{"href":"https:\/\/extension.uncoma.edu.ar\/index.php\/wp-json\/wp\/v2\/types\/post"}],"author":[{"embeddable":true,"href":"https:\/\/extension.uncoma.edu.ar\/index.php\/wp-json\/wp\/v2\/users\/9"}],"replies":[{"embeddable":true,"href":"https:\/\/extension.uncoma.edu.ar\/index.php\/wp-json\/wp\/v2\/comments?post=5437"}],"version-history":[{"count":1,"href":"https:\/\/extension.uncoma.edu.ar\/index.php\/wp-json\/wp\/v2\/posts\/5437\/revisions"}],"predecessor-version":[{"id":5439,"href":"https:\/\/extension.uncoma.edu.ar\/index.php\/wp-json\/wp\/v2\/posts\/5437\/revisions\/5439"}],"wp:featuredmedia":[{"embeddable":true,"href":"https:\/\/extension.uncoma.edu.ar\/index.php\/wp-json\/wp\/v2\/media\/5438"}],"wp:attachment":[{"href":"https:\/\/extension.uncoma.edu.ar\/index.php\/wp-json\/wp\/v2\/media?parent=5437"}],"wp:term":[{"taxonomy":"category","embeddable":true,"href":"https:\/\/extension.uncoma.edu.ar\/index.php\/wp-json\/wp\/v2\/categories?post=5437"},{"taxonomy":"post_tag","embeddable":true,"href":"https:\/\/extension.uncoma.edu.ar\/index.php\/wp-json\/wp\/v2\/tags?post=5437"}],"curies":[{"name":"wp","href":"https:\/\/api.w.org\/{rel}","templated":true}]}}