{"id":5207,"date":"2025-03-22T09:06:40","date_gmt":"2025-03-22T12:06:40","guid":{"rendered":"https:\/\/extension.uncoma.edu.ar\/?p=5207"},"modified":"2025-03-21T13:15:50","modified_gmt":"2025-03-21T16:15:50","slug":"semana-nacional-de-la-ciencia-2025","status":"publish","type":"post","link":"https:\/\/extension.uncoma.edu.ar\/index.php\/prensa\/semana-nacional-de-la-ciencia-2025\/","title":{"rendered":"Semana Nacional de la Ciencia 2025"},"content":{"rendered":"<p>Entre el 7 y el 12 de abril el Consejo Interuniversitario Nacional (<a href=\"https:\/\/www.cin.edu.ar\/\">CIN<\/a>) ser\u00e1 promotor de una agenda federal de actividades para potenciar un di\u00e1logo amplio sobre el presente y el futuro de la ciencia argentina.<\/p>\n<p>Bajo el lema \u201cApostando al di\u00e1logo para fortalecer el conocimiento y potenciar el crecimiento del pa\u00eds\u201d, se propone un llamado a la acci\u00f3n para fomentar la colaboraci\u00f3n activa de la sociedad en proyectos de investigaci\u00f3n, al permitir que las y los ciudadanas y ciudadanos contribuyan y se beneficien del conocimiento generado, y se fortalezca el v\u00ednculo entre ciencia y comunidad. Desde la ciencia aplicada hasta la investigaci\u00f3n te\u00f3rica, cada avance contribuye a la construcci\u00f3n de un pa\u00eds m\u00e1s equitativo y con mayores oportunidades para todas y todos.<\/p>\n<p>El evento tendr\u00e1 actividades en todo el pa\u00eds.<\/p>\n<p>M\u00e1s informaci\u00f3n: <a href=\"https:\/\/semanadelaciencia.cin.edu.ar\/\">https:\/\/semanadelaciencia.cin.edu.ar\/<\/a><\/p>\n<p>&nbsp;<\/p>\n<p><img decoding=\"async\" src=\"http:\/\/extension.uncoma.edu.ar\/wp-content\/uploads\/2025\/03\/semana-de-la-ciencia-400x500.jpg\" alt=\"\" width=\"400\" height=\"500\" class=\"alignnone wp-image-5208 size-fusion-400\" srcset=\"https:\/\/extension.uncoma.edu.ar\/wp-content\/uploads\/2025\/03\/semana-de-la-ciencia-200x250.jpg 200w, https:\/\/extension.uncoma.edu.ar\/wp-content\/uploads\/2025\/03\/semana-de-la-ciencia-240x300.jpg 240w, https:\/\/extension.uncoma.edu.ar\/wp-content\/uploads\/2025\/03\/semana-de-la-ciencia-400x500.jpg 400w, https:\/\/extension.uncoma.edu.ar\/wp-content\/uploads\/2025\/03\/semana-de-la-ciencia-600x750.jpg 600w, https:\/\/extension.uncoma.edu.ar\/wp-content\/uploads\/2025\/03\/semana-de-la-ciencia-768x960.jpg 768w, https:\/\/extension.uncoma.edu.ar\/wp-content\/uploads\/2025\/03\/semana-de-la-ciencia-800x1000.jpg 800w, https:\/\/extension.uncoma.edu.ar\/wp-content\/uploads\/2025\/03\/semana-de-la-ciencia-819x1024.jpg 819w, https:\/\/extension.uncoma.edu.ar\/wp-content\/uploads\/2025\/03\/semana-de-la-ciencia.jpg 1080w\" sizes=\"(max-width: 400px) 100vw, 400px\" \/><\/p>\n","protected":false},"excerpt":{"rendered":"<p>Entre el 7 y el 12 de abril el Consejo  [&#8230;]<\/p>\n","protected":false},"author":9,"featured_media":5208,"comment_status":"open","ping_status":"open","sticky":false,"template":"","format":"standard","meta":{"_acf_changed":false,"footnotes":""},"categories":[120],"tags":[],"class_list":["post-5207","post","type-post","status-publish","format-standard","has-post-thumbnail","hentry","category-prensa"],"acf":[],"_links":{"self":[{"href":"https:\/\/extension.uncoma.edu.ar\/index.php\/wp-json\/wp\/v2\/posts\/5207","targetHints":{"allow":["GET"]}}],"collection":[{"href":"https:\/\/extension.uncoma.edu.ar\/index.php\/wp-json\/wp\/v2\/posts"}],"about":[{"href":"https:\/\/extension.uncoma.edu.ar\/index.php\/wp-json\/wp\/v2\/types\/post"}],"author":[{"embeddable":true,"href":"https:\/\/extension.uncoma.edu.ar\/index.php\/wp-json\/wp\/v2\/users\/9"}],"replies":[{"embeddable":true,"href":"https:\/\/extension.uncoma.edu.ar\/index.php\/wp-json\/wp\/v2\/comments?post=5207"}],"version-history":[{"count":1,"href":"https:\/\/extension.uncoma.edu.ar\/index.php\/wp-json\/wp\/v2\/posts\/5207\/revisions"}],"predecessor-version":[{"id":5209,"href":"https:\/\/extension.uncoma.edu.ar\/index.php\/wp-json\/wp\/v2\/posts\/5207\/revisions\/5209"}],"wp:featuredmedia":[{"embeddable":true,"href":"https:\/\/extension.uncoma.edu.ar\/index.php\/wp-json\/wp\/v2\/media\/5208"}],"wp:attachment":[{"href":"https:\/\/extension.uncoma.edu.ar\/index.php\/wp-json\/wp\/v2\/media?parent=5207"}],"wp:term":[{"taxonomy":"category","embeddable":true,"href":"https:\/\/extension.uncoma.edu.ar\/index.php\/wp-json\/wp\/v2\/categories?post=5207"},{"taxonomy":"post_tag","embeddable":true,"href":"https:\/\/extension.uncoma.edu.ar\/index.php\/wp-json\/wp\/v2\/tags?post=5207"}],"curies":[{"name":"wp","href":"https:\/\/api.w.org\/{rel}","templated":true}]}}