{"id":5189,"date":"2025-03-19T13:12:04","date_gmt":"2025-03-19T16:12:04","guid":{"rendered":"https:\/\/extension.uncoma.edu.ar\/?p=5189"},"modified":"2025-03-20T09:29:56","modified_gmt":"2025-03-20T12:29:56","slug":"conversatorio-repensar-el-compromiso-social-universitario","status":"publish","type":"post","link":"https:\/\/extension.uncoma.edu.ar\/index.php\/consejo-de-extension\/conversatorio-repensar-el-compromiso-social-universitario\/","title":{"rendered":"Conversatorio Repensar el compromiso social universitario"},"content":{"rendered":"<p>La Secretar\u00eda de Extensi\u00f3n invita al <strong>Conversatorio Repensar el compromiso social universitario en tiempos complejos<\/strong> que se llevar\u00e1 a cabo de manera virtual a trav\u00e9s de la plataforma Zoom el pr\u00f3ximo jueves 20 a partir de las 18 hs.<\/p>\n<p>Del mismo participar\u00e1 el Secretario de Extensi\u00f3n de la UNCo junto a referentes de la extensi\u00f3n de las universidades nacionales de C\u00f3rdoba, Cuyo y Entre R\u00edos. Dami\u00e1n Cancelo contar\u00e1 la experiencia de la Universidad Nacional del Comahue en torno a la curricularizaci\u00f3n de la Extensi\u00f3n y la primer convocatoria lanzada en 2025.<\/p>\n<p>El Conversatorio es organizado por el Observatorio del Compromiso social universitario Jorge Castro y estar\u00e1 coordinado por N\u00e9stor Cecchi y Fabricio Oyarbide y tambi\u00e9n se abordar\u00e1n procesos de curricularizaci\u00f3n de la extensi\u00f3n universitaria a trav\u00e9s del an\u00e1lisis de experiencias.<\/p>\n<p>Participan:<br \/>\nLaura Lonardi &#8211; Docente de la Facultad de Bromatolog\u00eda de la Universidad Nacional de Entre R\u00edos.<br \/>\nDami\u00e1n Cancelo &#8211; Secretar\u00eda de Extensi\u00f3n de la Universidad Nacional del Comahue.<br \/>\nSandra Gezmet &#8211; Prosecretaria de Extensi\u00f3n del Colegio Nacional Monserrat de la Universidad Nacional de C\u00f3rdoba.<br \/>\nAgustina Porta &#8211; Docente Proyectos Sociocomunitarios del Colegio Nacional Monserrat de la Universidad Nacional de C\u00f3rdoba.<br \/>\nJavier Bauza &#8211; Docente PSE. Carrera Sociolog\u00eda de la Universidad Nacional de Cuyo.<\/p>\n<p>&nbsp;<\/p>\n<p>Repensar el compromiso social universitario en tiempos complejos<br \/>\nJueves 20\/2\/3\/2025 &#8211; 18 hs.<br \/>\nModalidad: Virtual (Zoom)<br \/>\nEnlace de acceso: https:\/\/goo.su\/9PNUkC<br \/>\nID de reuni\u00f3n: 823 2259 8224<br \/>\nC\u00f3digo de acceso: 469807<\/p>\n<p>&nbsp;<\/p>\n<p><img decoding=\"async\" src=\"http:\/\/extension.uncoma.edu.ar\/wp-content\/uploads\/2022\/07\/repfaea-400x500.jpg\" alt=\"\" width=\"400\" height=\"500\" class=\"alignnone wp-image-5188 size-fusion-400\" srcset=\"https:\/\/extension.uncoma.edu.ar\/wp-content\/uploads\/2022\/07\/repfaea-200x250.jpg 200w, https:\/\/extension.uncoma.edu.ar\/wp-content\/uploads\/2022\/07\/repfaea-240x300.jpg 240w, https:\/\/extension.uncoma.edu.ar\/wp-content\/uploads\/2022\/07\/repfaea-400x500.jpg 400w, https:\/\/extension.uncoma.edu.ar\/wp-content\/uploads\/2022\/07\/repfaea-600x750.jpg 600w, https:\/\/extension.uncoma.edu.ar\/wp-content\/uploads\/2022\/07\/repfaea-768x960.jpg 768w, https:\/\/extension.uncoma.edu.ar\/wp-content\/uploads\/2022\/07\/repfaea-800x1000.jpg 800w, https:\/\/extension.uncoma.edu.ar\/wp-content\/uploads\/2022\/07\/repfaea-819x1024.jpg 819w, https:\/\/extension.uncoma.edu.ar\/wp-content\/uploads\/2022\/07\/repfaea.jpg 1080w\" sizes=\"(max-width: 400px) 100vw, 400px\" \/><img decoding=\"async\" src=\"http:\/\/extension.uncoma.edu.ar\/wp-content\/uploads\/2025\/03\/repfaEa2-400x500.jpg\" alt=\"\" width=\"400\" height=\"500\" class=\"alignnone wp-image-5190 size-fusion-400\" srcset=\"https:\/\/extension.uncoma.edu.ar\/wp-content\/uploads\/2025\/03\/repfaEa2-200x250.jpg 200w, https:\/\/extension.uncoma.edu.ar\/wp-content\/uploads\/2025\/03\/repfaEa2-240x300.jpg 240w, https:\/\/extension.uncoma.edu.ar\/wp-content\/uploads\/2025\/03\/repfaEa2-400x500.jpg 400w, https:\/\/extension.uncoma.edu.ar\/wp-content\/uploads\/2025\/03\/repfaEa2-600x750.jpg 600w, https:\/\/extension.uncoma.edu.ar\/wp-content\/uploads\/2025\/03\/repfaEa2-768x960.jpg 768w, https:\/\/extension.uncoma.edu.ar\/wp-content\/uploads\/2025\/03\/repfaEa2-800x1000.jpg 800w, https:\/\/extension.uncoma.edu.ar\/wp-content\/uploads\/2025\/03\/repfaEa2-819x1024.jpg 819w, https:\/\/extension.uncoma.edu.ar\/wp-content\/uploads\/2025\/03\/repfaEa2.jpg 1080w\" sizes=\"(max-width: 400px) 100vw, 400px\" \/><\/p>\n","protected":false},"excerpt":{"rendered":"<p>La Secretar\u00eda de Extensi\u00f3n invita al Conversatorio Repensar el compromiso  [&#8230;]<\/p>\n","protected":false},"author":9,"featured_media":5188,"comment_status":"open","ping_status":"open","sticky":false,"template":"","format":"standard","meta":{"_acf_changed":false,"footnotes":""},"categories":[119,120],"tags":[],"class_list":["post-5189","post","type-post","status-publish","format-standard","has-post-thumbnail","hentry","category-consejo-de-extension","category-prensa"],"acf":[],"_links":{"self":[{"href":"https:\/\/extension.uncoma.edu.ar\/index.php\/wp-json\/wp\/v2\/posts\/5189","targetHints":{"allow":["GET"]}}],"collection":[{"href":"https:\/\/extension.uncoma.edu.ar\/index.php\/wp-json\/wp\/v2\/posts"}],"about":[{"href":"https:\/\/extension.uncoma.edu.ar\/index.php\/wp-json\/wp\/v2\/types\/post"}],"author":[{"embeddable":true,"href":"https:\/\/extension.uncoma.edu.ar\/index.php\/wp-json\/wp\/v2\/users\/9"}],"replies":[{"embeddable":true,"href":"https:\/\/extension.uncoma.edu.ar\/index.php\/wp-json\/wp\/v2\/comments?post=5189"}],"version-history":[{"count":3,"href":"https:\/\/extension.uncoma.edu.ar\/index.php\/wp-json\/wp\/v2\/posts\/5189\/revisions"}],"predecessor-version":[{"id":5193,"href":"https:\/\/extension.uncoma.edu.ar\/index.php\/wp-json\/wp\/v2\/posts\/5189\/revisions\/5193"}],"wp:featuredmedia":[{"embeddable":true,"href":"https:\/\/extension.uncoma.edu.ar\/index.php\/wp-json\/wp\/v2\/media\/5188"}],"wp:attachment":[{"href":"https:\/\/extension.uncoma.edu.ar\/index.php\/wp-json\/wp\/v2\/media?parent=5189"}],"wp:term":[{"taxonomy":"category","embeddable":true,"href":"https:\/\/extension.uncoma.edu.ar\/index.php\/wp-json\/wp\/v2\/categories?post=5189"},{"taxonomy":"post_tag","embeddable":true,"href":"https:\/\/extension.uncoma.edu.ar\/index.php\/wp-json\/wp\/v2\/tags?post=5189"}],"curies":[{"name":"wp","href":"https:\/\/api.w.org\/{rel}","templated":true}]}}