{"id":5183,"date":"2025-03-15T08:54:32","date_gmt":"2025-03-15T11:54:32","guid":{"rendered":"https:\/\/extension.uncoma.edu.ar\/?p=5183"},"modified":"2025-03-14T10:07:00","modified_gmt":"2025-03-14T13:07:00","slug":"presentacion-del-volumen-3-de-hablemos-de-economia","status":"publish","type":"post","link":"https:\/\/extension.uncoma.edu.ar\/index.php\/prensa\/presentacion-del-volumen-3-de-hablemos-de-economia\/","title":{"rendered":"Presentaci\u00f3n del Volumen 3 de Hablemos de Econom\u00eda"},"content":{"rendered":"<p>La Secretar\u00eda de Extensi\u00f3n invita a la presentaci\u00f3n del libro <strong>Hablemos de Econom\u00eda III<\/strong>, de Humberto Zambon que se llevar\u00e1 a cabo el mi\u00e9rcoles 19 de marzo a las 19 hs. en el Auditorio de la <a href=\"https:\/\/faeaweb.uncoma.edu.ar\/\">Facultad de Econom\u00eda y Administraci\u00f3n<\/a>\u00a0en Neuqu\u00e9n.<\/p>\n<p>El evento contar\u00e1 con la presencia del autor, de la Dra. Adriana Giuliani, compiladora de la obra y de H\u00e9ctor Mauri\u00f1o, director del portal informativo <a href=\"https:\/\/vaconfirma.com.ar\">Va con firma<\/a>, donde las notas reunidas en el libro se publicaron originalmente.<\/p>\n<p>El profesor consulto de la FAEA y doctor honoris causa de la UNCo explic\u00f3 que \u00abla serie de libros <em>Hablemos de econom\u00eda<\/em> comenz\u00f3 en 2012 a partir del convencimiento de que la aut\u00e9ntica democracia, la democracia representativa, requiere ciudadanos informados sobre los temas que se deben resolver. En particular, la pol\u00edtica econ\u00f3mica y los conceptos te\u00f3ricos que est\u00e1n detr\u00e1s afectan -y mucho- a la vida cotidiana del ciudadano y a su futuro. Parafraseando el conocido dicho sobre la guerra y los militares, podr\u00edamos decir que la econom\u00eda es algo muy serio como para dejarla en manos de los economistas. Por eso los ciudadanos necesitan informaci\u00f3n y conocimientos que le sean comprensibles, rigurosos pero expresado sin f\u00f3rmulas matem\u00e1ticas ni tecnicismos.<br \/>\nUna segunda raz\u00f3n es el dominio intelectual que todav\u00eda ejerce en la teor\u00eda econ\u00f3mica la concepci\u00f3n neoliberal, no solo en el \u00e1mbito acad\u00e9mico sino tambi\u00e9n sobre la opini\u00f3n p\u00fablica. Lo que es una visi\u00f3n te\u00f3rica particular de la teor\u00eda y pol\u00edtica econ\u00f3mica, ha sido presentada como &#8216;la \u00fanica verdad cient\u00edfica&#8217;. Los resultados en nuestro pa\u00eds, luego de casi medio siglo de la primera experiencia (1976-2001), repetido actualmente por cuarta vez, no parecen hacer mella en la &#8216;verdad de dogma&#8217;. Me parece importante que haya muchas voces que disientan p\u00fablicamente con el mismo.\u00bb<\/p>\n<p>El tercer volumen es independiente de los otros y cuenta con la colaboraci\u00f3n de la profesora Adriana Giuliani en la selecci\u00f3n de textos. \u00abIncluye -contin\u00faa Humberto- un cap\u00edtulo sobre el funcionamiento del sistema econ\u00f3mico actual, un segundo sobre la econom\u00eda mundial, para detenernos, en un cap\u00edtulo especial, en el an\u00e1lisis de la evoluci\u00f3n de la econom\u00eda de China y del mundo bipolar en que vivimos; sigue un cuarto sobre la econom\u00eda argentina y, finalmente, a diferencia de los dos primeros libros, un cap\u00edtulo titulado \u201cNo todo es econom\u00eda\u201d, que incluye notas de inter\u00e9s general, especialmente de historia patag\u00f3nica.\u00bb<\/p>\n<p>&nbsp;<\/p>\n<p><img decoding=\"async\" src=\"http:\/\/extension.uncoma.edu.ar\/wp-content\/uploads\/2025\/03\/hablemos-de-economia-III-2.jpg\" alt=\"\" width=\"363\" height=\"523\" class=\"alignnone wp-image-5186 size-full\" srcset=\"https:\/\/extension.uncoma.edu.ar\/wp-content\/uploads\/2025\/03\/hablemos-de-economia-III-2-200x288.jpg 200w, https:\/\/extension.uncoma.edu.ar\/wp-content\/uploads\/2025\/03\/hablemos-de-economia-III-2-208x300.jpg 208w, https:\/\/extension.uncoma.edu.ar\/wp-content\/uploads\/2025\/03\/hablemos-de-economia-III-2.jpg 363w\" sizes=\"(max-width: 363px) 100vw, 363px\" \/><\/p>\n","protected":false},"excerpt":{"rendered":"<p>La Secretar\u00eda de Extensi\u00f3n invita a la presentaci\u00f3n del libro  [&#8230;]<\/p>\n","protected":false},"author":9,"featured_media":5185,"comment_status":"open","ping_status":"open","sticky":false,"template":"","format":"standard","meta":{"_acf_changed":false,"footnotes":""},"categories":[123,120],"tags":[],"class_list":["post-5183","post","type-post","status-publish","format-standard","has-post-thumbnail","hentry","category-polo-editorial","category-prensa"],"acf":[],"_links":{"self":[{"href":"https:\/\/extension.uncoma.edu.ar\/index.php\/wp-json\/wp\/v2\/posts\/5183","targetHints":{"allow":["GET"]}}],"collection":[{"href":"https:\/\/extension.uncoma.edu.ar\/index.php\/wp-json\/wp\/v2\/posts"}],"about":[{"href":"https:\/\/extension.uncoma.edu.ar\/index.php\/wp-json\/wp\/v2\/types\/post"}],"author":[{"embeddable":true,"href":"https:\/\/extension.uncoma.edu.ar\/index.php\/wp-json\/wp\/v2\/users\/9"}],"replies":[{"embeddable":true,"href":"https:\/\/extension.uncoma.edu.ar\/index.php\/wp-json\/wp\/v2\/comments?post=5183"}],"version-history":[{"count":1,"href":"https:\/\/extension.uncoma.edu.ar\/index.php\/wp-json\/wp\/v2\/posts\/5183\/revisions"}],"predecessor-version":[{"id":5187,"href":"https:\/\/extension.uncoma.edu.ar\/index.php\/wp-json\/wp\/v2\/posts\/5183\/revisions\/5187"}],"wp:featuredmedia":[{"embeddable":true,"href":"https:\/\/extension.uncoma.edu.ar\/index.php\/wp-json\/wp\/v2\/media\/5185"}],"wp:attachment":[{"href":"https:\/\/extension.uncoma.edu.ar\/index.php\/wp-json\/wp\/v2\/media?parent=5183"}],"wp:term":[{"taxonomy":"category","embeddable":true,"href":"https:\/\/extension.uncoma.edu.ar\/index.php\/wp-json\/wp\/v2\/categories?post=5183"},{"taxonomy":"post_tag","embeddable":true,"href":"https:\/\/extension.uncoma.edu.ar\/index.php\/wp-json\/wp\/v2\/tags?post=5183"}],"curies":[{"name":"wp","href":"https:\/\/api.w.org\/{rel}","templated":true}]}}