{"id":5035,"date":"2024-11-21T13:45:16","date_gmt":"2024-11-21T16:45:16","guid":{"rendered":"https:\/\/extension.uncoma.edu.ar\/?p=5035"},"modified":"2024-11-21T13:45:16","modified_gmt":"2024-11-21T16:45:16","slug":"75-anos-de-gratuidad-universitaria","status":"publish","type":"post","link":"https:\/\/extension.uncoma.edu.ar\/index.php\/prensa\/75-anos-de-gratuidad-universitaria\/","title":{"rendered":"75 a\u00f1os de gratuidad universitaria"},"content":{"rendered":"<p>En el\u00a0 marco de la columna semanal que tenemos en el programa \u00abLa Banda Ancha\u00bb que se emite por <a href=\"https:\/\/universidadcalf.com\/\">FM 103.7 Universidad-Calf<\/a> conversamos con el soci\u00f3logo Aritz Recalde sobre la celebraci\u00f3n de los 75 a\u00f1os del <a href=\"https:\/\/www.undav.edu.ar\/general\/recursos\/adjuntos\/13382.pdf\">Decreto 29337\/49<\/a> que firm\u00f3 el presidente Juan D. Per\u00f3n estableciendo la gratuidad de los estudios superiores.<\/p>\n<p>&nbsp;<\/p>\n<audio class=\"wp-audio-shortcode\" id=\"audio-5035-1\" preload=\"none\" style=\"width: 100%;\" controls=\"controls\"><source type=\"audio\/mpeg\" src=\"http:\/\/extension.uncoma.edu.ar\/wp-content\/uploads\/2024\/11\/aritz-recalde-en-la-1037.mp3?_=1\" \/><a href=\"http:\/\/extension.uncoma.edu.ar\/wp-content\/uploads\/2024\/11\/aritz-recalde-en-la-1037.mp3\">http:\/\/extension.uncoma.edu.ar\/wp-content\/uploads\/2024\/11\/aritz-recalde-en-la-1037.mp3<\/a><\/audio>\n","protected":false},"excerpt":{"rendered":"<p>En el\u00a0 marco de la columna semanal que tenemos en  [&#8230;]<\/p>\n","protected":false},"author":9,"featured_media":5036,"comment_status":"open","ping_status":"open","sticky":false,"template":"","format":"standard","meta":{"_acf_changed":false,"footnotes":""},"categories":[120],"tags":[],"class_list":["post-5035","post","type-post","status-publish","format-standard","has-post-thumbnail","hentry","category-prensa"],"acf":[],"_links":{"self":[{"href":"https:\/\/extension.uncoma.edu.ar\/index.php\/wp-json\/wp\/v2\/posts\/5035","targetHints":{"allow":["GET"]}}],"collection":[{"href":"https:\/\/extension.uncoma.edu.ar\/index.php\/wp-json\/wp\/v2\/posts"}],"about":[{"href":"https:\/\/extension.uncoma.edu.ar\/index.php\/wp-json\/wp\/v2\/types\/post"}],"author":[{"embeddable":true,"href":"https:\/\/extension.uncoma.edu.ar\/index.php\/wp-json\/wp\/v2\/users\/9"}],"replies":[{"embeddable":true,"href":"https:\/\/extension.uncoma.edu.ar\/index.php\/wp-json\/wp\/v2\/comments?post=5035"}],"version-history":[{"count":1,"href":"https:\/\/extension.uncoma.edu.ar\/index.php\/wp-json\/wp\/v2\/posts\/5035\/revisions"}],"predecessor-version":[{"id":5038,"href":"https:\/\/extension.uncoma.edu.ar\/index.php\/wp-json\/wp\/v2\/posts\/5035\/revisions\/5038"}],"wp:featuredmedia":[{"embeddable":true,"href":"https:\/\/extension.uncoma.edu.ar\/index.php\/wp-json\/wp\/v2\/media\/5036"}],"wp:attachment":[{"href":"https:\/\/extension.uncoma.edu.ar\/index.php\/wp-json\/wp\/v2\/media?parent=5035"}],"wp:term":[{"taxonomy":"category","embeddable":true,"href":"https:\/\/extension.uncoma.edu.ar\/index.php\/wp-json\/wp\/v2\/categories?post=5035"},{"taxonomy":"post_tag","embeddable":true,"href":"https:\/\/extension.uncoma.edu.ar\/index.php\/wp-json\/wp\/v2\/tags?post=5035"}],"curies":[{"name":"wp","href":"https:\/\/api.w.org\/{rel}","templated":true}]}}