{"id":5014,"date":"2024-11-10T12:28:40","date_gmt":"2024-11-10T15:28:40","guid":{"rendered":"https:\/\/extension.uncoma.edu.ar\/?p=5014"},"modified":"2024-11-06T12:31:36","modified_gmt":"2024-11-06T15:31:36","slug":"charla-sobre-annie-ernaux","status":"publish","type":"post","link":"https:\/\/extension.uncoma.edu.ar\/index.php\/consejo-de-extension\/charla-sobre-annie-ernaux\/","title":{"rendered":"Charla sobre Annie Ernaux"},"content":{"rendered":"<p>La secretar\u00eda de Extensi\u00f3n de la Facultad de Humanidades invita a la charla <strong>Annie Ernaux \u201cLa po\u00e9tica de la memoria\u201d<\/strong> a cargo de la Dra. Graciela Mayet. La misma se realizar\u00e1 el d\u00eda viernes 15 de noviembre a las 17 hs, en el aula D de la Facultad de Humanidades.<\/p>\n<p>Annie Arnaux fue distinguida con el Premio Nobel de Literatura 2022.<\/p>\n<p>Nacida en Lillebonne (Normandia. Francia) en 1940, es autora de una obra esencialmente autobiogr\u00e1fica e intimista. De clase de origen campesino y obrero, muy joven se destac\u00f3 por su avidez intelectual. Tiene el m\u00e9rito de haber renovado la autobiograf\u00eda trascendiendo lo \u00edntimo para dar al g\u00e9nero un cariz sociol\u00f3gico. Con sus novelas, dio voz a generaciones de franceses que la historia hab\u00eda dejado de lado. As\u00ed veng\u00f3 a su gente, salv\u00f3 el recuerdo de personas comunes, de vidas anodinas, reparando \u00ablas humillaciones sociales y culturales \u00bb como dice ella.<\/p>\n<p>&nbsp;<\/p>\n<p><img decoding=\"async\" src=\"http:\/\/extension.uncoma.edu.ar\/wp-content\/uploads\/2024\/11\/Afiche-Annie-Ernaux-01-400x566.jpg\" alt=\"\" width=\"400\" height=\"566\" class=\"alignnone wp-image-5015 size-fusion-400\" srcset=\"https:\/\/extension.uncoma.edu.ar\/wp-content\/uploads\/2024\/11\/Afiche-Annie-Ernaux-01-200x283.jpg 200w, https:\/\/extension.uncoma.edu.ar\/wp-content\/uploads\/2024\/11\/Afiche-Annie-Ernaux-01-212x300.jpg 212w, https:\/\/extension.uncoma.edu.ar\/wp-content\/uploads\/2024\/11\/Afiche-Annie-Ernaux-01-400x566.jpg 400w, https:\/\/extension.uncoma.edu.ar\/wp-content\/uploads\/2024\/11\/Afiche-Annie-Ernaux-01-600x848.jpg 600w, https:\/\/extension.uncoma.edu.ar\/wp-content\/uploads\/2024\/11\/Afiche-Annie-Ernaux-01-724x1024.jpg 724w, https:\/\/extension.uncoma.edu.ar\/wp-content\/uploads\/2024\/11\/Afiche-Annie-Ernaux-01-768x1086.jpg 768w, https:\/\/extension.uncoma.edu.ar\/wp-content\/uploads\/2024\/11\/Afiche-Annie-Ernaux-01-800x1131.jpg 800w, https:\/\/extension.uncoma.edu.ar\/wp-content\/uploads\/2024\/11\/Afiche-Annie-Ernaux-01-1086x1536.jpg 1086w, https:\/\/extension.uncoma.edu.ar\/wp-content\/uploads\/2024\/11\/Afiche-Annie-Ernaux-01-1200x1697.jpg 1200w, https:\/\/extension.uncoma.edu.ar\/wp-content\/uploads\/2024\/11\/Afiche-Annie-Ernaux-01-1449x2048.jpg 1449w, https:\/\/extension.uncoma.edu.ar\/wp-content\/uploads\/2024\/11\/Afiche-Annie-Ernaux-01-scaled.jpg 1811w\" sizes=\"(max-width: 400px) 100vw, 400px\" \/><\/p>\n","protected":false},"excerpt":{"rendered":"<p>La secretar\u00eda de Extensi\u00f3n de la Facultad de Humanidades invita  [&#8230;]<\/p>\n","protected":false},"author":9,"featured_media":5015,"comment_status":"open","ping_status":"open","sticky":false,"template":"","format":"standard","meta":{"_acf_changed":false,"footnotes":""},"categories":[119,120],"tags":[],"class_list":["post-5014","post","type-post","status-publish","format-standard","has-post-thumbnail","hentry","category-consejo-de-extension","category-prensa"],"acf":[],"_links":{"self":[{"href":"https:\/\/extension.uncoma.edu.ar\/index.php\/wp-json\/wp\/v2\/posts\/5014","targetHints":{"allow":["GET"]}}],"collection":[{"href":"https:\/\/extension.uncoma.edu.ar\/index.php\/wp-json\/wp\/v2\/posts"}],"about":[{"href":"https:\/\/extension.uncoma.edu.ar\/index.php\/wp-json\/wp\/v2\/types\/post"}],"author":[{"embeddable":true,"href":"https:\/\/extension.uncoma.edu.ar\/index.php\/wp-json\/wp\/v2\/users\/9"}],"replies":[{"embeddable":true,"href":"https:\/\/extension.uncoma.edu.ar\/index.php\/wp-json\/wp\/v2\/comments?post=5014"}],"version-history":[{"count":1,"href":"https:\/\/extension.uncoma.edu.ar\/index.php\/wp-json\/wp\/v2\/posts\/5014\/revisions"}],"predecessor-version":[{"id":5016,"href":"https:\/\/extension.uncoma.edu.ar\/index.php\/wp-json\/wp\/v2\/posts\/5014\/revisions\/5016"}],"wp:featuredmedia":[{"embeddable":true,"href":"https:\/\/extension.uncoma.edu.ar\/index.php\/wp-json\/wp\/v2\/media\/5015"}],"wp:attachment":[{"href":"https:\/\/extension.uncoma.edu.ar\/index.php\/wp-json\/wp\/v2\/media?parent=5014"}],"wp:term":[{"taxonomy":"category","embeddable":true,"href":"https:\/\/extension.uncoma.edu.ar\/index.php\/wp-json\/wp\/v2\/categories?post=5014"},{"taxonomy":"post_tag","embeddable":true,"href":"https:\/\/extension.uncoma.edu.ar\/index.php\/wp-json\/wp\/v2\/tags?post=5014"}],"curies":[{"name":"wp","href":"https:\/\/api.w.org\/{rel}","templated":true}]}}