{"id":4991,"date":"2024-10-18T12:31:43","date_gmt":"2024-10-18T15:31:43","guid":{"rendered":"https:\/\/extension.uncoma.edu.ar\/?p=4991"},"modified":"2024-10-18T12:31:43","modified_gmt":"2024-10-18T15:31:43","slug":"declaracion-del-consejo-superior","status":"publish","type":"post","link":"https:\/\/extension.uncoma.edu.ar\/index.php\/consejo-de-extension\/declaracion-del-consejo-superior\/","title":{"rendered":"Declaraci\u00f3n del Consejo Superior"},"content":{"rendered":"<p>El pasado 16 de octubre, el Consejo Superior de la Universidad Nacional del Comahue sesion\u00f3 p\u00fablicamente en el ciudad de Cipolletti, R\u00edo Negro. De la reuni\u00f3n se emiti\u00f3 la siguiente Declaraci\u00f3n:<\/p>\n<p>&nbsp;<\/p>\n<p style=\"text-align: center;\">DECLARACI\u00d3N DEL CONSEJO SUPERIOR<br \/>\n16 de Octubre de 2024<\/p>\n<p>VISTO, la ratificaci\u00f3n por parte de la C\u00e1mara de Diputados de la Naci\u00f3n del veto realizado por el presidente Milei a la Ley de Financiamiento Universitario N\u00b0 27.757 aprobada el d\u00eda 13 de Septiembre de 2024; y<\/p>\n<p>CONSIDERANDO:<br \/>\nQue el Consejo Superior, como \u00f3rgano de cogobierno de la Universidad Nacional del Comahue, entiende lo que representa la ratificaci\u00f3n del veto para la comunidad universitaria en su conjunto y expresa p\u00fablicamente su postura en relaci\u00f3n a lo sucedido en la C\u00e1mara de Diputados de la Naci\u00f3n;<br \/>\nQue desde que asumi\u00f3 el actual gobierno nacional las universidades p\u00fablicas han sido objeto de una campa\u00f1a de descalificaci\u00f3n, estigmatizaci\u00f3n y un continuo hostigamiento que se materializa en la asfixia presupuestaria que gener\u00f3 una situaci\u00f3n de desfinanciamiento y desinversi\u00f3n, recorte en los gastos de funcionamiento, descenso abrupto del poder adquisitivo de las y los trabajadores universitarios, desfinanciaci\u00f3n de la ciencia y la tecnolog\u00eda, suspensi\u00f3n de programas de inversi\u00f3n en equipamiento e infraestructura, interrupci\u00f3n y descenso en la inversi\u00f3n en becas estudiantiles y programas para su inclusi\u00f3n, permanencia y egreso;<br \/>\nQue, ante esta situaci\u00f3n, el Congreso Nacional sancion\u00f3 la Ley de Financiamiento Universitario con un amplio consenso en ambas C\u00e1maras legislativas, producto del reclamo constante y la movilizaci\u00f3n de todo el sistema universitario, de manifestaciones de apoyo de gobiernos provinciales, municipales y gran parte de la sociedad que acompa\u00f1\u00f3 el reclamo de las universidades p\u00fablicas nacionales;<br \/>\nQue, el gobierno nacional vet\u00f3 dicha Ley atentando contra el normal funcionamiento de las Universidades Nacionales, y cont\u00f3 posteriormente con el apoyo de una minor\u00eda de diputados y diputadas nacionales que contribuyeron a dejar firme el mencionado veto, entre ellos, representantes de las provincias de R\u00edo Negro y Neuqu\u00e9n donde se asienta la Universidad Nacional del Comahue;<br \/>\nQue la comunidad universitaria y los Consejos Directivos de las Unidades Acad\u00e9micas se pronunciaron en rechazo a la ratificaci\u00f3n de este veto y expresando su en\u00e9rgico repudio a los diputados y las diputadas que emitieron su voto en contra de estudiantes, docentes, nodocentes, personas graduadas y la sociedad en general;<br \/>\nQue esta situaci\u00f3n se ver\u00eda agravada con la aprobaci\u00f3n del proyecto de Ley de Presupuesto 2025 presentado por el Poder Ejecutivo Nacional, en la que prev\u00e9 menos del 60% de los fondos que necesitan las universidades p\u00fablicas nacionales para funcionar el pr\u00f3ximo a\u00f1o y que, de no modificarse tal proyecto de presupuesto, se allana el camino para la destrucci\u00f3n del sistema p\u00fablico universitario y cient\u00edfico nacional;<br \/>\nQue este plan de destrucci\u00f3n de las universidades p\u00fablicas y del sistema cient\u00edfico nacional significa debilitar la soberan\u00eda nacional afectando la construcci\u00f3n de conocimientos, la formaci\u00f3n de profesionales y el desarrollo tecnol\u00f3gico aut\u00f3nomo de nuestra Naci\u00f3n;<br \/>\nQue dicho plan del Gobierno Nacional pone en grave riesgo la sostenibilidad de las universidades nacionales, ante lo cual la comunidad universitaria se sigue manifestando y se convoc\u00f3 a la realizaci\u00f3n de una sesi\u00f3n extraordinaria del Consejo Superior en defensa de la universidad p\u00fablica y del sistema cient\u00edfico universitario;<br \/>\nQue el Consejo Superior, en sesi\u00f3n extraordinaria del 16 de octubre de 2024, trat\u00f3 y aprob\u00f3 la siguiente declaraci\u00f3n;<\/p>\n<p>Por ello;<\/p>\n<p style=\"text-align: center;\">EL CONSEJO SUPERIOR DE LA UNIVERSIDAD NACIONAL DEL COMAHUE<br \/>\nDECLARA:<\/p>\n<p>ARTICULO 1\u00ba: RECHAZAR la ratificaci\u00f3n del veto a la Ley de Financiamiento Universitario, as\u00ed como las constantes pol\u00edticas de hostigamiento, desfinanciamiento y desinversi\u00f3n que lleva adelante el gobierno nacional contra las universidades p\u00fablicas nacionales.<br \/>\nART\u00cdCULO 2\u00ba: REPUDIAR el accionar de los diputados y las diputadas nacionales An\u00edbal Tortoriello, Lorena Villaverde, Sergio Capozzi, representantes de la provincia de R\u00edo Negro; Nadia M\u00e1rquez y Pablo Cervi, representantes de la provincia de Neuqu\u00e9n; y a los diputados y diputadas que con su voto positivo o abstenci\u00f3n en la sesi\u00f3n del Congreso Nacional convalidaron el veto a la Ley de Financiamiento Universitario y con ello contribuyen con el plan de destrucci\u00f3n de las Universidades Nacionales y del sistema cient\u00edfico nacional, que impacta negativamente en el pa\u00eds y en las provincias patag\u00f3nicas a las que representan, y en particular en donde se asienta la Universidad Nacional del Comahue.<br \/>\nARTICULO 3\u00ba: RECONOCER a las diputadas y los diputados que votaron a favor de la Universidad P\u00fablica, del presente y futuro de los y las estudiantes, de docentes y nodocentes de todo el sistema universitario p\u00fablico nacional.<br \/>\nARTICULO 4\u00ba: SOLICITAR a todos los claustros de nuestra Universidad que acompa\u00f1en las actividades a desarrollarse en defensa de la universidad p\u00fablica y del sistema cient\u00edfico universitario.<br \/>\nARTICULO 5\u00ba: REGISTRAR, COMUNICAR. PUBLICAR Y ARCHIVAR.<\/p>\n<p>&nbsp;<\/p>\n","protected":false},"excerpt":{"rendered":"<p>El pasado 16 de octubre, el Consejo Superior de la  [&#8230;]<\/p>\n","protected":false},"author":9,"featured_media":4993,"comment_status":"open","ping_status":"open","sticky":false,"template":"","format":"standard","meta":{"_acf_changed":false,"footnotes":""},"categories":[119,120],"tags":[],"class_list":["post-4991","post","type-post","status-publish","format-standard","has-post-thumbnail","hentry","category-consejo-de-extension","category-prensa"],"acf":[],"_links":{"self":[{"href":"https:\/\/extension.uncoma.edu.ar\/index.php\/wp-json\/wp\/v2\/posts\/4991","targetHints":{"allow":["GET"]}}],"collection":[{"href":"https:\/\/extension.uncoma.edu.ar\/index.php\/wp-json\/wp\/v2\/posts"}],"about":[{"href":"https:\/\/extension.uncoma.edu.ar\/index.php\/wp-json\/wp\/v2\/types\/post"}],"author":[{"embeddable":true,"href":"https:\/\/extension.uncoma.edu.ar\/index.php\/wp-json\/wp\/v2\/users\/9"}],"replies":[{"embeddable":true,"href":"https:\/\/extension.uncoma.edu.ar\/index.php\/wp-json\/wp\/v2\/comments?post=4991"}],"version-history":[{"count":1,"href":"https:\/\/extension.uncoma.edu.ar\/index.php\/wp-json\/wp\/v2\/posts\/4991\/revisions"}],"predecessor-version":[{"id":4994,"href":"https:\/\/extension.uncoma.edu.ar\/index.php\/wp-json\/wp\/v2\/posts\/4991\/revisions\/4994"}],"wp:featuredmedia":[{"embeddable":true,"href":"https:\/\/extension.uncoma.edu.ar\/index.php\/wp-json\/wp\/v2\/media\/4993"}],"wp:attachment":[{"href":"https:\/\/extension.uncoma.edu.ar\/index.php\/wp-json\/wp\/v2\/media?parent=4991"}],"wp:term":[{"taxonomy":"category","embeddable":true,"href":"https:\/\/extension.uncoma.edu.ar\/index.php\/wp-json\/wp\/v2\/categories?post=4991"},{"taxonomy":"post_tag","embeddable":true,"href":"https:\/\/extension.uncoma.edu.ar\/index.php\/wp-json\/wp\/v2\/tags?post=4991"}],"curies":[{"name":"wp","href":"https:\/\/api.w.org\/{rel}","templated":true}]}}