{"id":4941,"date":"2024-09-03T09:50:45","date_gmt":"2024-09-03T12:50:45","guid":{"rendered":"https:\/\/extension.uncoma.edu.ar\/?p=4941"},"modified":"2024-09-03T10:11:18","modified_gmt":"2024-09-03T13:11:18","slug":"convocatoria-2024-de-proyectos-de-extension","status":"publish","type":"post","link":"https:\/\/extension.uncoma.edu.ar\/index.php\/consejo-de-extension\/convocatoria-2024-de-proyectos-de-extension\/","title":{"rendered":"Convocatoria 2024 de Proyectos de Extensi\u00f3n"},"content":{"rendered":"<p>La Secretar\u00eda de Extensi\u00f3n lanza la\u00a0Convocatoria a presentar\u00a0Proyectos de Extensi\u00f3n Universitaria \u00ab30 A\u00f1os de Autonom\u00eda Universitaria\u00bb.<\/p>\n<p>La presente Convocatoria tiene por objetivo posibilitar e incentivar a cada Unidad Acad\u00e9mica (Facultades,<br \/>\nCentros Regionales, Asentamientos Universitarios y Escuela) a presentar propuestas de Proyectos de Extensi\u00f3n\u00a0 para implementarse y ejecutarse a partir del corriente a\u00f1o 2024. De esta manera, no s\u00f3lo tiene en cuenta<br \/>\na todas y cada una de las UA que componen la Universidad Nacional del Comahue en un esp\u00edritu de federalismo regional, sino que adem\u00e1s se establece un mismo punto de partida presupuestario para cada proyecto y<br \/>\nse tiende a relacionar a la universidad en cada rinc\u00f3n de la regi\u00f3n con su(s) comunidad(es).<\/p>\n<p>Las propuestas de proyectos de extensi\u00f3n deber\u00e1n incentivar a involucrar a todos los claustros de la comunidad universitaria, fortalecer el di\u00e1logo interdisciplinar, y convocar a contrapartes organizacionales e institucionales para realizar propuestas tendientes a generar respuestas a los problemas sociales, socioproductivos, ambientales, culturales, entre otros, tanto locales como regionales.<\/p>\n<p><em>Ejes Tem\u00e1ticos<\/em><br \/>\nDerechos Humanos<br \/>\nAmbiente<br \/>\nG\u00e9nero y Diversidad<br \/>\nTerritorios, Culturas e Interculturalidad<\/p>\n<p>La convocatoria estar\u00e1 abierta hasta el lunes 23 de setiembre.<\/p>\n<p>Para mayor informaci\u00f3n de bases y condiciones, asesoramiento y solicitud de clave de usuario para carga digital, remitirse a la Secretar\u00eda de Extensi\u00f3n de la respectiva Unidad Acad\u00e9mica, Centro Regional, Asentamiento Universitario o Escuela.<\/p>\n<p>&nbsp;<\/p>\n<p><img decoding=\"async\" src=\"http:\/\/extension.uncoma.edu.ar\/wp-content\/uploads\/2024\/09\/Flyer-convocatoria-ordinaria-2024_2-400x566.jpg\" alt=\"\" width=\"400\" height=\"566\" class=\"alignnone wp-image-4942 size-fusion-400\" srcset=\"https:\/\/extension.uncoma.edu.ar\/wp-content\/uploads\/2024\/09\/Flyer-convocatoria-ordinaria-2024_2-200x283.jpg 200w, https:\/\/extension.uncoma.edu.ar\/wp-content\/uploads\/2024\/09\/Flyer-convocatoria-ordinaria-2024_2-212x300.jpg 212w, https:\/\/extension.uncoma.edu.ar\/wp-content\/uploads\/2024\/09\/Flyer-convocatoria-ordinaria-2024_2-400x566.jpg 400w, https:\/\/extension.uncoma.edu.ar\/wp-content\/uploads\/2024\/09\/Flyer-convocatoria-ordinaria-2024_2-600x848.jpg 600w, https:\/\/extension.uncoma.edu.ar\/wp-content\/uploads\/2024\/09\/Flyer-convocatoria-ordinaria-2024_2-724x1024.jpg 724w, https:\/\/extension.uncoma.edu.ar\/wp-content\/uploads\/2024\/09\/Flyer-convocatoria-ordinaria-2024_2-768x1086.jpg 768w, https:\/\/extension.uncoma.edu.ar\/wp-content\/uploads\/2024\/09\/Flyer-convocatoria-ordinaria-2024_2-800x1131.jpg 800w, https:\/\/extension.uncoma.edu.ar\/wp-content\/uploads\/2024\/09\/Flyer-convocatoria-ordinaria-2024_2-1086x1536.jpg 1086w, https:\/\/extension.uncoma.edu.ar\/wp-content\/uploads\/2024\/09\/Flyer-convocatoria-ordinaria-2024_2-1200x1697.jpg 1200w, https:\/\/extension.uncoma.edu.ar\/wp-content\/uploads\/2024\/09\/Flyer-convocatoria-ordinaria-2024_2-1448x2048.jpg 1448w, https:\/\/extension.uncoma.edu.ar\/wp-content\/uploads\/2024\/09\/Flyer-convocatoria-ordinaria-2024_2-scaled.jpg 1811w\" sizes=\"(max-width: 400px) 100vw, 400px\" \/><\/p>\n","protected":false},"excerpt":{"rendered":"<p>La Secretar\u00eda de Extensi\u00f3n lanza la\u00a0Convocatoria a presentar\u00a0Proyectos de Extensi\u00f3n  [&#8230;]<\/p>\n","protected":false},"author":9,"featured_media":4943,"comment_status":"open","ping_status":"open","sticky":false,"template":"","format":"standard","meta":{"_acf_changed":false,"footnotes":""},"categories":[119,120],"tags":[],"class_list":["post-4941","post","type-post","status-publish","format-standard","has-post-thumbnail","hentry","category-consejo-de-extension","category-prensa"],"acf":[],"_links":{"self":[{"href":"https:\/\/extension.uncoma.edu.ar\/index.php\/wp-json\/wp\/v2\/posts\/4941","targetHints":{"allow":["GET"]}}],"collection":[{"href":"https:\/\/extension.uncoma.edu.ar\/index.php\/wp-json\/wp\/v2\/posts"}],"about":[{"href":"https:\/\/extension.uncoma.edu.ar\/index.php\/wp-json\/wp\/v2\/types\/post"}],"author":[{"embeddable":true,"href":"https:\/\/extension.uncoma.edu.ar\/index.php\/wp-json\/wp\/v2\/users\/9"}],"replies":[{"embeddable":true,"href":"https:\/\/extension.uncoma.edu.ar\/index.php\/wp-json\/wp\/v2\/comments?post=4941"}],"version-history":[{"count":3,"href":"https:\/\/extension.uncoma.edu.ar\/index.php\/wp-json\/wp\/v2\/posts\/4941\/revisions"}],"predecessor-version":[{"id":4946,"href":"https:\/\/extension.uncoma.edu.ar\/index.php\/wp-json\/wp\/v2\/posts\/4941\/revisions\/4946"}],"wp:featuredmedia":[{"embeddable":true,"href":"https:\/\/extension.uncoma.edu.ar\/index.php\/wp-json\/wp\/v2\/media\/4943"}],"wp:attachment":[{"href":"https:\/\/extension.uncoma.edu.ar\/index.php\/wp-json\/wp\/v2\/media?parent=4941"}],"wp:term":[{"taxonomy":"category","embeddable":true,"href":"https:\/\/extension.uncoma.edu.ar\/index.php\/wp-json\/wp\/v2\/categories?post=4941"},{"taxonomy":"post_tag","embeddable":true,"href":"https:\/\/extension.uncoma.edu.ar\/index.php\/wp-json\/wp\/v2\/tags?post=4941"}],"curies":[{"name":"wp","href":"https:\/\/api.w.org\/{rel}","templated":true}]}}