{"id":4863,"date":"2024-07-05T11:44:58","date_gmt":"2024-07-05T14:44:58","guid":{"rendered":"https:\/\/extension.uncoma.edu.ar\/?p=4863"},"modified":"2024-07-05T11:44:58","modified_gmt":"2024-07-05T14:44:58","slug":"nuevo-numero-de-la-revista-quintu-quimun","status":"publish","type":"post","link":"https:\/\/extension.uncoma.edu.ar\/index.php\/consejo-de-extension\/nuevo-numero-de-la-revista-quintu-quimun\/","title":{"rendered":"Nuevo n\u00famero de la revista Quint\u00fa Quim\u00fcn"},"content":{"rendered":"<p>Ya se encuentra disponible en el <a href=\"https:\/\/revele.uncoma.edu.ar\/index.php\/lingustica\/index\">portal de revistas<\/a> el n\u00famero 8 de <strong>Quint\u00fa Quim\u00fcn, <\/strong>revista especializada que edita la Maestr\u00eda en Ling\u00fc\u00edstica y la Maestr\u00eda y Especializaci\u00f3n en Ling\u00fc\u00edstica Aplicada de la Facultad de Lenguas.<\/p>\n<p>Se trata de una publicaci\u00f3n semestral, de libre acceso, que promueve el debate, el intercambio de ideas y la difusi\u00f3n de investigaciones en ling\u00fc\u00edstica. Todos los art\u00edculos son sometidos a revisi\u00f3n por pares. La misma incluye el\u00a0 Dossier \u00abFen\u00f3menos de variaci\u00f3n en el espa\u00f1ol de la Argentina\u00bb coordinado por Laura M. Kornfeld.<\/p>\n<p><img decoding=\"async\" src=\"http:\/\/extension.uncoma.edu.ar\/wp-content\/uploads\/2024\/07\/revista-400x566.png\" alt=\"\" width=\"400\" height=\"566\" class=\"alignnone wp-image-4865 size-fusion-400\" srcset=\"https:\/\/extension.uncoma.edu.ar\/wp-content\/uploads\/2024\/07\/revista-200x283.png 200w, https:\/\/extension.uncoma.edu.ar\/wp-content\/uploads\/2024\/07\/revista-212x300.png 212w, https:\/\/extension.uncoma.edu.ar\/wp-content\/uploads\/2024\/07\/revista-400x566.png 400w, https:\/\/extension.uncoma.edu.ar\/wp-content\/uploads\/2024\/07\/revista-600x849.png 600w, https:\/\/extension.uncoma.edu.ar\/wp-content\/uploads\/2024\/07\/revista-724x1024.png 724w, https:\/\/extension.uncoma.edu.ar\/wp-content\/uploads\/2024\/07\/revista-768x1086.png 768w, https:\/\/extension.uncoma.edu.ar\/wp-content\/uploads\/2024\/07\/revista-800x1132.png 800w, https:\/\/extension.uncoma.edu.ar\/wp-content\/uploads\/2024\/07\/revista-1086x1536.png 1086w, https:\/\/extension.uncoma.edu.ar\/wp-content\/uploads\/2024\/07\/revista-1200x1697.png 1200w, https:\/\/extension.uncoma.edu.ar\/wp-content\/uploads\/2024\/07\/revista.png 1414w\" sizes=\"(max-width: 400px) 100vw, 400px\" \/><\/p>\n<p>N\u00fam. 8 (1) Ene-Jun (2024)<\/p>\n<p>&nbsp;<\/p>\n<p><a href=\"https:\/\/revele.uncoma.edu.ar\/index.php\/lingustica\/index\"><strong>Quint\u00fa Quim\u00fcn. Revista de ling\u00fc\u00edstica<\/strong><\/a><\/p>\n<p><em>Directoras<\/em><br \/>\nMar\u00eda Mare, Universidad Nacional del Comahue, CONICET, Argentina<br \/>\nGabriela Mariel Zunino, Universidad de Buenos Aires, CONICET, Argentina<\/p>\n<p><em>Comit\u00e9 Editorial<\/em><br \/>\nAlicia Mariana Avellana, Universidad de Buenos Aires, Argentina<br \/>\nCintia Carri\u00f3, Universidad Nacional del Litoral, CONICET, Argentina<br \/>\nClaudia Silvia Herczeg, Universidad Nacional del Comahue, Argentina<br \/>\nFederico Navarro, Universidad de O \u0301Higgins, Chile<br \/>\nAna Pacagnini, Universidad Nacional de R\u00edo Negro, Argentina<br \/>\nGonzalo Eduardo Espinosa, Universidad Nacional del Comahue, Argentina<br \/>\nVer\u00f3nica Orqueda, Pontificia Universidad Cat\u00f3lica de Chile, Chile<br \/>\nJos\u00e9 Silva Garc\u00e9s, Universidad Nacional del Comahue\/CONICET, Argentina<\/p>\n<p><em>Edici\u00f3n Digital<\/em><br \/>\nSilverio Ortiz, Universidad Nacional del Comahue, Argentina<\/p>\n<p>&nbsp;<\/p>\n","protected":false},"excerpt":{"rendered":"<p>Ya se encuentra disponible en el portal de revistas el  [&#8230;]<\/p>\n","protected":false},"author":9,"featured_media":4865,"comment_status":"open","ping_status":"open","sticky":false,"template":"","format":"standard","meta":{"_acf_changed":false,"footnotes":""},"categories":[119,120],"tags":[],"class_list":["post-4863","post","type-post","status-publish","format-standard","has-post-thumbnail","hentry","category-consejo-de-extension","category-prensa"],"acf":[],"_links":{"self":[{"href":"https:\/\/extension.uncoma.edu.ar\/index.php\/wp-json\/wp\/v2\/posts\/4863","targetHints":{"allow":["GET"]}}],"collection":[{"href":"https:\/\/extension.uncoma.edu.ar\/index.php\/wp-json\/wp\/v2\/posts"}],"about":[{"href":"https:\/\/extension.uncoma.edu.ar\/index.php\/wp-json\/wp\/v2\/types\/post"}],"author":[{"embeddable":true,"href":"https:\/\/extension.uncoma.edu.ar\/index.php\/wp-json\/wp\/v2\/users\/9"}],"replies":[{"embeddable":true,"href":"https:\/\/extension.uncoma.edu.ar\/index.php\/wp-json\/wp\/v2\/comments?post=4863"}],"version-history":[{"count":1,"href":"https:\/\/extension.uncoma.edu.ar\/index.php\/wp-json\/wp\/v2\/posts\/4863\/revisions"}],"predecessor-version":[{"id":4866,"href":"https:\/\/extension.uncoma.edu.ar\/index.php\/wp-json\/wp\/v2\/posts\/4863\/revisions\/4866"}],"wp:featuredmedia":[{"embeddable":true,"href":"https:\/\/extension.uncoma.edu.ar\/index.php\/wp-json\/wp\/v2\/media\/4865"}],"wp:attachment":[{"href":"https:\/\/extension.uncoma.edu.ar\/index.php\/wp-json\/wp\/v2\/media?parent=4863"}],"wp:term":[{"taxonomy":"category","embeddable":true,"href":"https:\/\/extension.uncoma.edu.ar\/index.php\/wp-json\/wp\/v2\/categories?post=4863"},{"taxonomy":"post_tag","embeddable":true,"href":"https:\/\/extension.uncoma.edu.ar\/index.php\/wp-json\/wp\/v2\/tags?post=4863"}],"curies":[{"name":"wp","href":"https:\/\/api.w.org\/{rel}","templated":true}]}}