{"id":4849,"date":"2024-07-01T14:35:46","date_gmt":"2024-07-01T17:35:46","guid":{"rendered":"https:\/\/extension.uncoma.edu.ar\/?p=4849"},"modified":"2024-07-01T14:35:46","modified_gmt":"2024-07-01T17:35:46","slug":"conversatorio-hacia-una-estetica-de-las-emociones","status":"publish","type":"post","link":"https:\/\/extension.uncoma.edu.ar\/index.php\/consejo-de-extension\/conversatorio-hacia-una-estetica-de-las-emociones\/","title":{"rendered":"Conversatorio: Hacia una est\u00e9tica de las emociones"},"content":{"rendered":"<p>La Secretar\u00eda de Extensi\u00f3n de la Facultad de Humanidades invita al Conversatorio \u00abHacia una est\u00e9tica de las emociones. Dromoman\u00eda y cuerpos contempor\u00e1neos\u00bb, con la Dra. Mar\u00eda Cristina S\u00e1nchez Le\u00f3n de la Pontificia Universidad Javeriana de Cali, Colombia. El mismo se llevar\u00e1 a cabo el martes 2 de julio a partir de las 18 hs. en el Sal\u00f3n Azul de la Biblioteca central.<\/p>\n<p>El Conversatorio se enmarca en una gira acad\u00e9mica que comenz\u00f3 con el dictado de la conferencia \u00abEst\u00e9tica de las emociones. Aportes filos\u00f3ficos a torno a la vida humana contempor\u00e1nea n\u00f3mada y drom\u00f3mana\u00bb, en la Universidad Nacional del Nordeste en Resistencia, Chaco. En los pr\u00f3ximos d\u00edas dictar\u00e1 la conferencia de cierre del IV Congreso Internacional de Fenomenolog\u00eda y Psicolog\u00eda organizado por la Universidad Federal do Paran\u00e1 en Curitiba, Brasil.<\/p>\n<p>Mar\u00eda Cristina S\u00e1nchez Le\u00f3n es Fil\u00f3sofa egresada de la Pontificia Universidad Javeriana (2000), Magister en Historia y Teor\u00eda del Arte y la Arquitectura de la Universidad Nacional de Colombia (2007) y Doctora en Ciencias Sociales de la Universidad de Manizales y CINDE (2017) con una tesis doctoral cuyo objetivo fue desarrollar los v\u00ednculos entre Est\u00e9tica y Pol\u00edtica a partir de la figura de la Jovialidad en Nietzsche, recibiendo la menci\u00f3n <em>Summa Cum Laude<\/em>. Actualmente hace su estancia posdoctoral en la Universidad Federal do Cear\u00e1, en Fortaleza, Brasil.<\/p>\n<p>&nbsp;<\/p>\n<p><img decoding=\"async\" src=\"http:\/\/extension.uncoma.edu.ar\/wp-content\/uploads\/2024\/07\/Conversatorio_02_julio_2024-400x565.jpg\" alt=\"\" width=\"400\" height=\"565\" class=\"alignnone wp-image-4851 size-fusion-400\" srcset=\"https:\/\/extension.uncoma.edu.ar\/wp-content\/uploads\/2024\/07\/Conversatorio_02_julio_2024-200x283.jpg 200w, https:\/\/extension.uncoma.edu.ar\/wp-content\/uploads\/2024\/07\/Conversatorio_02_julio_2024-212x300.jpg 212w, https:\/\/extension.uncoma.edu.ar\/wp-content\/uploads\/2024\/07\/Conversatorio_02_julio_2024-400x565.jpg 400w, https:\/\/extension.uncoma.edu.ar\/wp-content\/uploads\/2024\/07\/Conversatorio_02_julio_2024-600x848.jpg 600w, https:\/\/extension.uncoma.edu.ar\/wp-content\/uploads\/2024\/07\/Conversatorio_02_julio_2024-725x1024.jpg 725w, https:\/\/extension.uncoma.edu.ar\/wp-content\/uploads\/2024\/07\/Conversatorio_02_julio_2024-768x1085.jpg 768w, https:\/\/extension.uncoma.edu.ar\/wp-content\/uploads\/2024\/07\/Conversatorio_02_julio_2024-800x1131.jpg 800w, https:\/\/extension.uncoma.edu.ar\/wp-content\/uploads\/2024\/07\/Conversatorio_02_julio_2024-1087x1536.jpg 1087w, https:\/\/extension.uncoma.edu.ar\/wp-content\/uploads\/2024\/07\/Conversatorio_02_julio_2024-1200x1696.jpg 1200w, https:\/\/extension.uncoma.edu.ar\/wp-content\/uploads\/2024\/07\/Conversatorio_02_julio_2024.jpg 1449w\" sizes=\"(max-width: 400px) 100vw, 400px\" \/><\/p>\n","protected":false},"excerpt":{"rendered":"<p>La Secretar\u00eda de Extensi\u00f3n de la Facultad de Humanidades invita  [&#8230;]<\/p>\n","protected":false},"author":9,"featured_media":4850,"comment_status":"open","ping_status":"open","sticky":false,"template":"","format":"standard","meta":{"_acf_changed":false,"footnotes":""},"categories":[119,120],"tags":[],"class_list":["post-4849","post","type-post","status-publish","format-standard","has-post-thumbnail","hentry","category-consejo-de-extension","category-prensa"],"acf":[],"_links":{"self":[{"href":"https:\/\/extension.uncoma.edu.ar\/index.php\/wp-json\/wp\/v2\/posts\/4849","targetHints":{"allow":["GET"]}}],"collection":[{"href":"https:\/\/extension.uncoma.edu.ar\/index.php\/wp-json\/wp\/v2\/posts"}],"about":[{"href":"https:\/\/extension.uncoma.edu.ar\/index.php\/wp-json\/wp\/v2\/types\/post"}],"author":[{"embeddable":true,"href":"https:\/\/extension.uncoma.edu.ar\/index.php\/wp-json\/wp\/v2\/users\/9"}],"replies":[{"embeddable":true,"href":"https:\/\/extension.uncoma.edu.ar\/index.php\/wp-json\/wp\/v2\/comments?post=4849"}],"version-history":[{"count":1,"href":"https:\/\/extension.uncoma.edu.ar\/index.php\/wp-json\/wp\/v2\/posts\/4849\/revisions"}],"predecessor-version":[{"id":4852,"href":"https:\/\/extension.uncoma.edu.ar\/index.php\/wp-json\/wp\/v2\/posts\/4849\/revisions\/4852"}],"wp:featuredmedia":[{"embeddable":true,"href":"https:\/\/extension.uncoma.edu.ar\/index.php\/wp-json\/wp\/v2\/media\/4850"}],"wp:attachment":[{"href":"https:\/\/extension.uncoma.edu.ar\/index.php\/wp-json\/wp\/v2\/media?parent=4849"}],"wp:term":[{"taxonomy":"category","embeddable":true,"href":"https:\/\/extension.uncoma.edu.ar\/index.php\/wp-json\/wp\/v2\/categories?post=4849"},{"taxonomy":"post_tag","embeddable":true,"href":"https:\/\/extension.uncoma.edu.ar\/index.php\/wp-json\/wp\/v2\/tags?post=4849"}],"curies":[{"name":"wp","href":"https:\/\/api.w.org\/{rel}","templated":true}]}}