{"id":4834,"date":"2024-06-20T11:37:30","date_gmt":"2024-06-20T14:37:30","guid":{"rendered":"https:\/\/extension.uncoma.edu.ar\/?p=4834"},"modified":"2024-06-19T11:43:30","modified_gmt":"2024-06-19T14:43:30","slug":"taller-el-jazz-como-fenomeno-cultural-y-turistico","status":"publish","type":"post","link":"https:\/\/extension.uncoma.edu.ar\/index.php\/consejo-de-extension\/taller-el-jazz-como-fenomeno-cultural-y-turistico\/","title":{"rendered":"Taller \u00abEl Jazz como fen\u00f3meno cultural y tur\u00edstico\u00bb"},"content":{"rendered":"<p>En el marco del Programa FATU Cultural, el pr\u00f3ximo viernes 28 de junio a las 18 hs. se realizar\u00e1 el taller \u00abEl Jazz como fen\u00f3meno cultural y tur\u00edstico\u00bb, a cargo de los integrantes de la Confluencia Jazz Band, con ilustraci\u00f3n musical en vivo.<\/p>\n<p>El taller se llevar\u00e1 a cabo en el Audit\u00f3rium de la Facultad de Turismo y tendr\u00e1 un recorrido a trav\u00e9s de la historia del Jazz con la intervenci\u00f3n de Confluencia Jazz Band, que ilustrar\u00e1 a trav\u00e9s de la m\u00fasica en vivo el momento sociocultural que atraves\u00f3 la historia del jazz mundial.<\/p>\n<p>El t\u00e9rmino &#8216;cultura&#8217; es esencialmente ambiguo. Por ello, su an\u00e1lisis y definiciones pueden contribuir a evitar desacuerdos verbales a la hora de desarrollar debates y discusiones en torno a tal concepto. Cuando vemos en el arte una de las manifestaciones m\u00e1s frecuentes a las que nos referimos cuando hablamos de cultura, cuando los organismos oficiales de cultura desarrollan sus \u00abpol\u00edticas culturales\u00bb, cuando en torno a las obras art\u00edsticas giran los programas y actividades del turismo cultural en el mundo, puede resultar de inter\u00e9s para los profesionales del turismo, los agentes culturales, los funcionarios p\u00fablicos del \u00e1rea y los artistas en general, tomar contacto aunque sea en forma proped\u00e9utica con algunos conocimientos propios de la est\u00e9tica, la pol\u00edtica, la historia, la sociolog\u00eda y la antropolog\u00eda en torno a la cultura y el arte desde la perspectiva de los artistas, todo ello atravesado por el fen\u00f3meno de la globalizaci\u00f3n, la multiculturalidad y sus parad\u00f3jicos efectos.<\/p>\n<p>Est\u00e1 destinado a Estudiantes, Docentes, Nodocentes, Profesionales del Turismo, Agentes Culturales y P\u00fablico en general.<\/p>\n<p>La actividad es gratuita pero requiere inscripci\u00f3n: <a href=\"https:\/\/forms.gle\/h9MsTdbzWSfSoCXf9\">https:\/\/forms.gle\/h9MsTdbzWSfSoCXf9<\/a> y la donaci\u00f3n de un\u00a0 alimento no perecedero que ser\u00e1 donado a un comedor.<\/p>\n<p>&nbsp;<\/p>\n<p><img decoding=\"async\" src=\"http:\/\/extension.uncoma.edu.ar\/wp-content\/uploads\/2024\/06\/fatucultural-400x400.jpg\" alt=\"\" width=\"400\" height=\"400\" class=\"alignnone wp-image-4835 size-fusion-400\" srcset=\"https:\/\/extension.uncoma.edu.ar\/wp-content\/uploads\/2024\/06\/fatucultural-66x66.jpg 66w, https:\/\/extension.uncoma.edu.ar\/wp-content\/uploads\/2024\/06\/fatucultural-150x150.jpg 150w, https:\/\/extension.uncoma.edu.ar\/wp-content\/uploads\/2024\/06\/fatucultural-200x200.jpg 200w, https:\/\/extension.uncoma.edu.ar\/wp-content\/uploads\/2024\/06\/fatucultural-300x300.jpg 300w, https:\/\/extension.uncoma.edu.ar\/wp-content\/uploads\/2024\/06\/fatucultural-400x400.jpg 400w, https:\/\/extension.uncoma.edu.ar\/wp-content\/uploads\/2024\/06\/fatucultural-600x600.jpg 600w, https:\/\/extension.uncoma.edu.ar\/wp-content\/uploads\/2024\/06\/fatucultural-768x768.jpg 768w, https:\/\/extension.uncoma.edu.ar\/wp-content\/uploads\/2024\/06\/fatucultural-800x800.jpg 800w, https:\/\/extension.uncoma.edu.ar\/wp-content\/uploads\/2024\/06\/fatucultural-1024x1024.jpg 1024w, https:\/\/extension.uncoma.edu.ar\/wp-content\/uploads\/2024\/06\/fatucultural.jpg 1080w\" sizes=\"(max-width: 400px) 100vw, 400px\" \/><\/p>\n","protected":false},"excerpt":{"rendered":"<p>En el marco del Programa FATU Cultural, el pr\u00f3ximo viernes  [&#8230;]<\/p>\n","protected":false},"author":9,"featured_media":4835,"comment_status":"open","ping_status":"open","sticky":false,"template":"","format":"standard","meta":{"_acf_changed":false,"footnotes":""},"categories":[119,120],"tags":[],"class_list":["post-4834","post","type-post","status-publish","format-standard","has-post-thumbnail","hentry","category-consejo-de-extension","category-prensa"],"acf":[],"_links":{"self":[{"href":"https:\/\/extension.uncoma.edu.ar\/index.php\/wp-json\/wp\/v2\/posts\/4834","targetHints":{"allow":["GET"]}}],"collection":[{"href":"https:\/\/extension.uncoma.edu.ar\/index.php\/wp-json\/wp\/v2\/posts"}],"about":[{"href":"https:\/\/extension.uncoma.edu.ar\/index.php\/wp-json\/wp\/v2\/types\/post"}],"author":[{"embeddable":true,"href":"https:\/\/extension.uncoma.edu.ar\/index.php\/wp-json\/wp\/v2\/users\/9"}],"replies":[{"embeddable":true,"href":"https:\/\/extension.uncoma.edu.ar\/index.php\/wp-json\/wp\/v2\/comments?post=4834"}],"version-history":[{"count":1,"href":"https:\/\/extension.uncoma.edu.ar\/index.php\/wp-json\/wp\/v2\/posts\/4834\/revisions"}],"predecessor-version":[{"id":4836,"href":"https:\/\/extension.uncoma.edu.ar\/index.php\/wp-json\/wp\/v2\/posts\/4834\/revisions\/4836"}],"wp:featuredmedia":[{"embeddable":true,"href":"https:\/\/extension.uncoma.edu.ar\/index.php\/wp-json\/wp\/v2\/media\/4835"}],"wp:attachment":[{"href":"https:\/\/extension.uncoma.edu.ar\/index.php\/wp-json\/wp\/v2\/media?parent=4834"}],"wp:term":[{"taxonomy":"category","embeddable":true,"href":"https:\/\/extension.uncoma.edu.ar\/index.php\/wp-json\/wp\/v2\/categories?post=4834"},{"taxonomy":"post_tag","embeddable":true,"href":"https:\/\/extension.uncoma.edu.ar\/index.php\/wp-json\/wp\/v2\/tags?post=4834"}],"curies":[{"name":"wp","href":"https:\/\/api.w.org\/{rel}","templated":true}]}}