{"id":4798,"date":"2024-05-30T14:26:32","date_gmt":"2024-05-30T17:26:32","guid":{"rendered":"https:\/\/extension.uncoma.edu.ar\/?p=4798"},"modified":"2024-05-30T14:26:32","modified_gmt":"2024-05-30T17:26:32","slug":"taller-historia-identidad-salud-y-turismo","status":"publish","type":"post","link":"https:\/\/extension.uncoma.edu.ar\/index.php\/consejo-de-extension\/taller-historia-identidad-salud-y-turismo\/","title":{"rendered":"Taller Historia, identidad, salud y turismo"},"content":{"rendered":"<p>En el marco del Programa FATU Cultural, se invita a participar del Taller \u201cHistoria, identidad, salud y turismo. Una mirada desde la salud integral para con la historia regional, la identidad cultural y el turismo\u201d, a cargo de Mario Cippitelli y Fernando Pretto. La actividad es organizada por la Secretar\u00eda de Extensi\u00f3n y la Subsecretar\u00eda de Bienestar y Trayectorias Educativas y se realizar\u00e1 el viernes 07 de junio de 17 a 20 hs. en la sede Neuqu\u00e9n de la <a href=\"https:\/\/fatuweb.uncoma.edu.ar\/fatu\/\">Facultad de Turismo<\/a>.<\/p>\n<p>El objetivo del taller es relacionar contenidos vinculados a la historia regional y a la pr\u00e1ctica del turismo general como formas de consolidar la identidad cultural y la salud integral de las personas.<\/p>\n<p>La metodolog\u00eda ser\u00e1 de modalidad taller y contribuir\u00e1 al conocimiento de la salud integral desde interpretar antecedentes de la historia regional y la pr\u00e1ctica del turismo, acercando conocimientos del pasado historiable de la regi\u00f3n a fin de contribuir a la identidad cultural. De esta manera se tratar\u00e1 de entender a la recreaci\u00f3n tur\u00edstica como parte de la salud integral de las personas, presentando el bienestar, el placer, la belleza, el conocimiento y la libertad como los valores sustanciales de la actividad recreativa tur\u00edstica y de la identidad cultural.<\/p>\n<p>El taller est\u00e1 destinado a estudiantes, docentes y nodocentes de la UNCo y p\u00fablico en general.<\/p>\n<p>Inscripciones: <a href=\"https:\/\/forms.gle\/Et8rB9LXdXGaQCZw5\">https:\/\/forms.gle\/Et8rB9LXdXGaQCZw5<\/a><\/p>\n<p>Aunque el taller es gratuito, el esp\u00edritu del programa \u00abFATU Cultural\u00bb es solidario, por lo que se busca realizar una contribuci\u00f3n social a un merendero en la ciudad de Neuqu\u00e9n. Por eso, se pide la donaci\u00f3n de alg\u00fan insumo para desayunos o meriendas: leche, az\u00facar, galletitas dulces, galletitas saladas, pat\u00e9, mermeladas o dulces, entre otros.<\/p>\n<p>&nbsp;<\/p>\n<p><img decoding=\"async\" src=\"http:\/\/extension.uncoma.edu.ar\/wp-content\/uploads\/2024\/05\/f677b15e27254127bb09881b9f2bb795-400x400.jpg\" alt=\"\" width=\"400\" height=\"400\" class=\"alignnone wp-image-4799 size-fusion-400\" srcset=\"https:\/\/extension.uncoma.edu.ar\/wp-content\/uploads\/2024\/05\/f677b15e27254127bb09881b9f2bb795-66x66.jpg 66w, https:\/\/extension.uncoma.edu.ar\/wp-content\/uploads\/2024\/05\/f677b15e27254127bb09881b9f2bb795-150x150.jpg 150w, https:\/\/extension.uncoma.edu.ar\/wp-content\/uploads\/2024\/05\/f677b15e27254127bb09881b9f2bb795-200x200.jpg 200w, https:\/\/extension.uncoma.edu.ar\/wp-content\/uploads\/2024\/05\/f677b15e27254127bb09881b9f2bb795-300x300.jpg 300w, https:\/\/extension.uncoma.edu.ar\/wp-content\/uploads\/2024\/05\/f677b15e27254127bb09881b9f2bb795-400x400.jpg 400w, https:\/\/extension.uncoma.edu.ar\/wp-content\/uploads\/2024\/05\/f677b15e27254127bb09881b9f2bb795-600x600.jpg 600w, https:\/\/extension.uncoma.edu.ar\/wp-content\/uploads\/2024\/05\/f677b15e27254127bb09881b9f2bb795-768x768.jpg 768w, https:\/\/extension.uncoma.edu.ar\/wp-content\/uploads\/2024\/05\/f677b15e27254127bb09881b9f2bb795-800x800.jpg 800w, https:\/\/extension.uncoma.edu.ar\/wp-content\/uploads\/2024\/05\/f677b15e27254127bb09881b9f2bb795-1024x1024.jpg 1024w, https:\/\/extension.uncoma.edu.ar\/wp-content\/uploads\/2024\/05\/f677b15e27254127bb09881b9f2bb795.jpg 1080w\" sizes=\"(max-width: 400px) 100vw, 400px\" \/><\/p>\n","protected":false},"excerpt":{"rendered":"<p>En el marco del Programa FATU Cultural, se invita a  [&#8230;]<\/p>\n","protected":false},"author":9,"featured_media":4799,"comment_status":"open","ping_status":"open","sticky":false,"template":"","format":"standard","meta":{"_acf_changed":false,"footnotes":""},"categories":[119,120],"tags":[],"class_list":["post-4798","post","type-post","status-publish","format-standard","has-post-thumbnail","hentry","category-consejo-de-extension","category-prensa"],"acf":[],"_links":{"self":[{"href":"https:\/\/extension.uncoma.edu.ar\/index.php\/wp-json\/wp\/v2\/posts\/4798","targetHints":{"allow":["GET"]}}],"collection":[{"href":"https:\/\/extension.uncoma.edu.ar\/index.php\/wp-json\/wp\/v2\/posts"}],"about":[{"href":"https:\/\/extension.uncoma.edu.ar\/index.php\/wp-json\/wp\/v2\/types\/post"}],"author":[{"embeddable":true,"href":"https:\/\/extension.uncoma.edu.ar\/index.php\/wp-json\/wp\/v2\/users\/9"}],"replies":[{"embeddable":true,"href":"https:\/\/extension.uncoma.edu.ar\/index.php\/wp-json\/wp\/v2\/comments?post=4798"}],"version-history":[{"count":1,"href":"https:\/\/extension.uncoma.edu.ar\/index.php\/wp-json\/wp\/v2\/posts\/4798\/revisions"}],"predecessor-version":[{"id":4800,"href":"https:\/\/extension.uncoma.edu.ar\/index.php\/wp-json\/wp\/v2\/posts\/4798\/revisions\/4800"}],"wp:featuredmedia":[{"embeddable":true,"href":"https:\/\/extension.uncoma.edu.ar\/index.php\/wp-json\/wp\/v2\/media\/4799"}],"wp:attachment":[{"href":"https:\/\/extension.uncoma.edu.ar\/index.php\/wp-json\/wp\/v2\/media?parent=4798"}],"wp:term":[{"taxonomy":"category","embeddable":true,"href":"https:\/\/extension.uncoma.edu.ar\/index.php\/wp-json\/wp\/v2\/categories?post=4798"},{"taxonomy":"post_tag","embeddable":true,"href":"https:\/\/extension.uncoma.edu.ar\/index.php\/wp-json\/wp\/v2\/tags?post=4798"}],"curies":[{"name":"wp","href":"https:\/\/api.w.org\/{rel}","templated":true}]}}