{"id":4782,"date":"2024-05-27T14:33:44","date_gmt":"2024-05-27T17:33:44","guid":{"rendered":"https:\/\/extension.uncoma.edu.ar\/?p=4782"},"modified":"2024-05-27T09:41:04","modified_gmt":"2024-05-27T12:41:04","slug":"curso-rutinas-agendas-y-practicas-en-el-periodismo-regional","status":"publish","type":"post","link":"https:\/\/extension.uncoma.edu.ar\/index.php\/formacion\/curso-rutinas-agendas-y-practicas-en-el-periodismo-regional\/","title":{"rendered":"Curso Rutinas, agendas y pr\u00e1cticas en el periodismo regional"},"content":{"rendered":"<p>El Departamento de Posgrado de la Facultad de Derecho y Cs. Sociales\u00a0 informa que se encuentran abiertas las inscripciones para el Curso \u00abRutinas, agendas y pr\u00e1cticas en el periodismo regional, en el marco de las carreras de posgrado \u201cEspecializaci\u00f3n en Comunicaci\u00f3n y Culturas Contempor\u00e1neas\u201d y la \u201cMaestr\u00eda en Comunicaci\u00f3n y Cultura\u201d, a cargo de los Dres. Esteban Zunino y Mar\u00eda Teresa Bernardi.<\/p>\n<p>Destinado a Graduados\/as de universidades en el campo de las Ciencias Sociales y Humanas y se cursar\u00e1 bajo la modalidad de \u201cPresencialidad Alternada\u201d. Se dictar\u00e1n tres encuentros virtuales sincr\u00f3nicos a trav\u00e9s de Zoom (previamente a cada clase se informar\u00e1 el enlace) y dos encuentros en modalidad presencialidad f\u00edsica en la FADECS.<\/p>\n<p>Encuentros por plataforma virtual: jueves 13 de junio (de 18 a 21 hs), viernes 14 de junio (de 18 a 21 hs) y s\u00e1bado 15 de junio (de 10 a 12 hs).<\/p>\n<p>Encuentros presenciales f\u00edsicos: viernes 28 de junio (de 15 a 21 hs) y s\u00e1bado 29 de junio (9 a 14 hs).<\/p>\n<p>Programa, inscripciones y m\u00e1s informaci\u00f3n en <a href=\"https:\/\/posgradofadecs.uncoma.edu.ar\/novedades\/rap-en-el-period-regional\/\">link<\/a>.<\/p>\n<p>Consultas generales: Div. Comunicaci\u00f3n Institucional de Posgrado<br \/>\nWhatsApp: +5492996723981<br \/>\nE-mail: <a href=\"mailto:posgrado@fade.uncoma.edu.ar\">posgrado@fade.uncoma.edu.ar<\/a><\/p>\n<p>Consultas sobre inscripciones: \u00c1rea acad\u00e9mica de posgrado<br \/>\nWhatsApp: +5492984668243<br \/>\nE-mail: <a href=\"mailto:academica.posgrado@fade.uncoma.edu.ar\">academica.posgrado@fade.uncoma.edu.ar<\/a><\/p>\n<p>&nbsp;<\/p>\n<p><img decoding=\"async\" src=\"http:\/\/extension.uncoma.edu.ar\/wp-content\/uploads\/2024\/05\/Curso-de-Posgrado-Rutinas-agendas-y-practicas-en-el-periodismo-regional-1024x1024-1-400x400.png\" alt=\"\" width=\"400\" height=\"400\" class=\"alignnone wp-image-4783 size-fusion-400\" srcset=\"https:\/\/extension.uncoma.edu.ar\/wp-content\/uploads\/2024\/05\/Curso-de-Posgrado-Rutinas-agendas-y-practicas-en-el-periodismo-regional-1024x1024-1-66x66.png 66w, https:\/\/extension.uncoma.edu.ar\/wp-content\/uploads\/2024\/05\/Curso-de-Posgrado-Rutinas-agendas-y-practicas-en-el-periodismo-regional-1024x1024-1-150x150.png 150w, https:\/\/extension.uncoma.edu.ar\/wp-content\/uploads\/2024\/05\/Curso-de-Posgrado-Rutinas-agendas-y-practicas-en-el-periodismo-regional-1024x1024-1-200x200.png 200w, https:\/\/extension.uncoma.edu.ar\/wp-content\/uploads\/2024\/05\/Curso-de-Posgrado-Rutinas-agendas-y-practicas-en-el-periodismo-regional-1024x1024-1-300x300.png 300w, https:\/\/extension.uncoma.edu.ar\/wp-content\/uploads\/2024\/05\/Curso-de-Posgrado-Rutinas-agendas-y-practicas-en-el-periodismo-regional-1024x1024-1-400x400.png 400w, https:\/\/extension.uncoma.edu.ar\/wp-content\/uploads\/2024\/05\/Curso-de-Posgrado-Rutinas-agendas-y-practicas-en-el-periodismo-regional-1024x1024-1-600x600.png 600w, https:\/\/extension.uncoma.edu.ar\/wp-content\/uploads\/2024\/05\/Curso-de-Posgrado-Rutinas-agendas-y-practicas-en-el-periodismo-regional-1024x1024-1-768x768.png 768w, https:\/\/extension.uncoma.edu.ar\/wp-content\/uploads\/2024\/05\/Curso-de-Posgrado-Rutinas-agendas-y-practicas-en-el-periodismo-regional-1024x1024-1-800x800.png 800w, https:\/\/extension.uncoma.edu.ar\/wp-content\/uploads\/2024\/05\/Curso-de-Posgrado-Rutinas-agendas-y-practicas-en-el-periodismo-regional-1024x1024-1.png 1024w\" sizes=\"(max-width: 400px) 100vw, 400px\" \/><\/p>\n","protected":false},"excerpt":{"rendered":"<p>El Departamento de Posgrado de la Facultad de Derecho y  [&#8230;]<\/p>\n","protected":false},"author":9,"featured_media":4783,"comment_status":"open","ping_status":"open","sticky":false,"template":"","format":"standard","meta":{"_acf_changed":false,"footnotes":""},"categories":[117,120],"tags":[],"class_list":["post-4782","post","type-post","status-publish","format-standard","has-post-thumbnail","hentry","category-formacion","category-prensa"],"acf":[],"_links":{"self":[{"href":"https:\/\/extension.uncoma.edu.ar\/index.php\/wp-json\/wp\/v2\/posts\/4782","targetHints":{"allow":["GET"]}}],"collection":[{"href":"https:\/\/extension.uncoma.edu.ar\/index.php\/wp-json\/wp\/v2\/posts"}],"about":[{"href":"https:\/\/extension.uncoma.edu.ar\/index.php\/wp-json\/wp\/v2\/types\/post"}],"author":[{"embeddable":true,"href":"https:\/\/extension.uncoma.edu.ar\/index.php\/wp-json\/wp\/v2\/users\/9"}],"replies":[{"embeddable":true,"href":"https:\/\/extension.uncoma.edu.ar\/index.php\/wp-json\/wp\/v2\/comments?post=4782"}],"version-history":[{"count":1,"href":"https:\/\/extension.uncoma.edu.ar\/index.php\/wp-json\/wp\/v2\/posts\/4782\/revisions"}],"predecessor-version":[{"id":4784,"href":"https:\/\/extension.uncoma.edu.ar\/index.php\/wp-json\/wp\/v2\/posts\/4782\/revisions\/4784"}],"wp:featuredmedia":[{"embeddable":true,"href":"https:\/\/extension.uncoma.edu.ar\/index.php\/wp-json\/wp\/v2\/media\/4783"}],"wp:attachment":[{"href":"https:\/\/extension.uncoma.edu.ar\/index.php\/wp-json\/wp\/v2\/media?parent=4782"}],"wp:term":[{"taxonomy":"category","embeddable":true,"href":"https:\/\/extension.uncoma.edu.ar\/index.php\/wp-json\/wp\/v2\/categories?post=4782"},{"taxonomy":"post_tag","embeddable":true,"href":"https:\/\/extension.uncoma.edu.ar\/index.php\/wp-json\/wp\/v2\/tags?post=4782"}],"curies":[{"name":"wp","href":"https:\/\/api.w.org\/{rel}","templated":true}]}}