{"id":4769,"date":"2024-05-22T08:44:59","date_gmt":"2024-05-22T11:44:59","guid":{"rendered":"https:\/\/extension.uncoma.edu.ar\/?p=4769"},"modified":"2024-05-22T08:44:59","modified_gmt":"2024-05-22T11:44:59","slug":"1o-jornada-de-lengua-y-migracion-desde-el-sur","status":"publish","type":"post","link":"https:\/\/extension.uncoma.edu.ar\/index.php\/consejo-de-extension\/1o-jornada-de-lengua-y-migracion-desde-el-sur\/","title":{"rendered":"1\u00ba Jornada de Lengua y Migraci\u00f3n desde el Sur"},"content":{"rendered":"<p>El proyecto de extensi\u00f3n de la Facultad de Lenguas \u201cMigraci\u00f3n no hispanohablante y ense\u00f1anza de espa\u00f1ol en el Alto Valle de Neuqu\u00e9n y R\u00edo Negro\u201d organiza la 1\u00ba Jornada de Lengua y Migraci\u00f3n desde el sur.<\/p>\n<p>El encuentro tendr\u00e1 lugar el 13 de junio de 2024 de 14 a 19:30 hs (horario argentino) en modalidad h\u00edbrida: virtual sincr\u00f3nica por Zoom y presencial en el Campus de Fadel &#8211; Fadecs ubicado en Av. Mendoza 2151 de Gral. Roca &#8211; Fiske Menuko y\u00a0contar\u00e1 con la participaci\u00f3n de docentes e investigadoras\/es de diferentes puntos del pa\u00eds.<\/p>\n<p>El cronograma prev\u00e9 una charla sobre Migraci\u00f3n y Derechos Humanos en el contexto argentino patag\u00f3nico, un conversatorio a cargo de integrantes de proyectos de ense\u00f1anza de espa\u00f1ol a migrantes y refugiados en diferentes puntos del pa\u00eds y un taller de capacitaci\u00f3n sobre \u201cLa Alfabetizaci\u00f3n en Espa\u00f1ol de migrantes no hispanohablantes\u201d.<\/p>\n<p>Es menester se\u00f1alar que la participaci\u00f3n es gratuita, pero requiere de inscripci\u00f3n previa a trav\u00e9s del siguiente <a href=\"https:\/\/shorturl.at\/zJU06\">formulario<\/a>.<\/p>\n<p>Por dudas o consultas comunicarse con <a href=\"mailto:proyectoextensionelse@gmail.com\">proyectoextensionelse@gmail.com<\/a><\/p>\n<p>&nbsp;<\/p>\n<p><img decoding=\"async\" src=\"http:\/\/extension.uncoma.edu.ar\/wp-content\/uploads\/2024\/05\/Jornada-Migracion_full-si-400x566.png\" alt=\"\" width=\"400\" height=\"566\" class=\"alignnone wp-image-4770 size-fusion-400\" srcset=\"https:\/\/extension.uncoma.edu.ar\/wp-content\/uploads\/2024\/05\/Jornada-Migracion_full-si-200x283.png 200w, https:\/\/extension.uncoma.edu.ar\/wp-content\/uploads\/2024\/05\/Jornada-Migracion_full-si-212x300.png 212w, https:\/\/extension.uncoma.edu.ar\/wp-content\/uploads\/2024\/05\/Jornada-Migracion_full-si-400x566.png 400w, https:\/\/extension.uncoma.edu.ar\/wp-content\/uploads\/2024\/05\/Jornada-Migracion_full-si-600x849.png 600w, https:\/\/extension.uncoma.edu.ar\/wp-content\/uploads\/2024\/05\/Jornada-Migracion_full-si-724x1024.png 724w, https:\/\/extension.uncoma.edu.ar\/wp-content\/uploads\/2024\/05\/Jornada-Migracion_full-si-768x1086.png 768w, https:\/\/extension.uncoma.edu.ar\/wp-content\/uploads\/2024\/05\/Jornada-Migracion_full-si-800x1132.png 800w, https:\/\/extension.uncoma.edu.ar\/wp-content\/uploads\/2024\/05\/Jornada-Migracion_full-si-1086x1536.png 1086w, https:\/\/extension.uncoma.edu.ar\/wp-content\/uploads\/2024\/05\/Jornada-Migracion_full-si-1200x1697.png 1200w, https:\/\/extension.uncoma.edu.ar\/wp-content\/uploads\/2024\/05\/Jornada-Migracion_full-si.png 1414w\" sizes=\"(max-width: 400px) 100vw, 400px\" \/><\/p>\n","protected":false},"excerpt":{"rendered":"<p>El proyecto de extensi\u00f3n de la Facultad de Lenguas \u201cMigraci\u00f3n  [&#8230;]<\/p>\n","protected":false},"author":9,"featured_media":4771,"comment_status":"open","ping_status":"open","sticky":false,"template":"","format":"standard","meta":{"_acf_changed":false,"footnotes":""},"categories":[119,120],"tags":[],"class_list":["post-4769","post","type-post","status-publish","format-standard","has-post-thumbnail","hentry","category-consejo-de-extension","category-prensa"],"acf":[],"_links":{"self":[{"href":"https:\/\/extension.uncoma.edu.ar\/index.php\/wp-json\/wp\/v2\/posts\/4769","targetHints":{"allow":["GET"]}}],"collection":[{"href":"https:\/\/extension.uncoma.edu.ar\/index.php\/wp-json\/wp\/v2\/posts"}],"about":[{"href":"https:\/\/extension.uncoma.edu.ar\/index.php\/wp-json\/wp\/v2\/types\/post"}],"author":[{"embeddable":true,"href":"https:\/\/extension.uncoma.edu.ar\/index.php\/wp-json\/wp\/v2\/users\/9"}],"replies":[{"embeddable":true,"href":"https:\/\/extension.uncoma.edu.ar\/index.php\/wp-json\/wp\/v2\/comments?post=4769"}],"version-history":[{"count":1,"href":"https:\/\/extension.uncoma.edu.ar\/index.php\/wp-json\/wp\/v2\/posts\/4769\/revisions"}],"predecessor-version":[{"id":4772,"href":"https:\/\/extension.uncoma.edu.ar\/index.php\/wp-json\/wp\/v2\/posts\/4769\/revisions\/4772"}],"wp:featuredmedia":[{"embeddable":true,"href":"https:\/\/extension.uncoma.edu.ar\/index.php\/wp-json\/wp\/v2\/media\/4771"}],"wp:attachment":[{"href":"https:\/\/extension.uncoma.edu.ar\/index.php\/wp-json\/wp\/v2\/media?parent=4769"}],"wp:term":[{"taxonomy":"category","embeddable":true,"href":"https:\/\/extension.uncoma.edu.ar\/index.php\/wp-json\/wp\/v2\/categories?post=4769"},{"taxonomy":"post_tag","embeddable":true,"href":"https:\/\/extension.uncoma.edu.ar\/index.php\/wp-json\/wp\/v2\/tags?post=4769"}],"curies":[{"name":"wp","href":"https:\/\/api.w.org\/{rel}","templated":true}]}}