{"id":4760,"date":"2024-05-15T13:15:51","date_gmt":"2024-05-15T16:15:51","guid":{"rendered":"https:\/\/extension.uncoma.edu.ar\/?p=4760"},"modified":"2024-05-15T13:15:51","modified_gmt":"2024-05-15T16:15:51","slug":"patricia-chaina-habla-sobre-la-diplomatura-en-cultura-y-espectaculos","status":"publish","type":"post","link":"https:\/\/extension.uncoma.edu.ar\/index.php\/prensa\/patricia-chaina-habla-sobre-la-diplomatura-en-cultura-y-espectaculos\/","title":{"rendered":"Patricia Chaina habla sobre la Diplomatura en Cultura y Espect\u00e1culos"},"content":{"rendered":"<p>Patricia Chaina es la coordinadora de la Diplomatura en Cultura y Espect\u00e1culos que lanz\u00f3 la <a href=\"https:\/\/fadeweb.uncoma.edu.ar\/\">Facultad de Derecho y Ciencias Sociales<\/a> y que comenzar\u00e1 a dictarse en el mes de julio. En el programa \u00abC\u00f3mo llegamos hasta ac\u00e1\u00bb que se emite los lunes a partir de las 13 hs. en <a href=\"https:\/\/universidadcalf.com\/\">FM 103.7 Universidad-Calf<\/a> explic\u00f3 los alcances de la misma.<\/p>\n<audio class=\"wp-audio-shortcode\" id=\"audio-4760-1\" preload=\"none\" style=\"width: 100%;\" controls=\"controls\"><source type=\"audio\/mpeg\" src=\"http:\/\/extension.uncoma.edu.ar\/wp-content\/uploads\/2024\/05\/patricia-chaina-en-la-1037.mp3?_=1\" \/><a href=\"http:\/\/extension.uncoma.edu.ar\/wp-content\/uploads\/2024\/05\/patricia-chaina-en-la-1037.mp3\">http:\/\/extension.uncoma.edu.ar\/wp-content\/uploads\/2024\/05\/patricia-chaina-en-la-1037.mp3<\/a><\/audio>\n<p><img decoding=\"async\" src=\"http:\/\/extension.uncoma.edu.ar\/wp-content\/uploads\/2024\/05\/IMG-20240507-WA0008-400x400.jpg\" alt=\"\" width=\"400\" height=\"400\" class=\"alignnone wp-image-4725 size-fusion-400\" srcset=\"https:\/\/extension.uncoma.edu.ar\/wp-content\/uploads\/2024\/05\/IMG-20240507-WA0008-66x66.jpg 66w, https:\/\/extension.uncoma.edu.ar\/wp-content\/uploads\/2024\/05\/IMG-20240507-WA0008-150x150.jpg 150w, https:\/\/extension.uncoma.edu.ar\/wp-content\/uploads\/2024\/05\/IMG-20240507-WA0008-200x200.jpg 200w, https:\/\/extension.uncoma.edu.ar\/wp-content\/uploads\/2024\/05\/IMG-20240507-WA0008-300x300.jpg 300w, https:\/\/extension.uncoma.edu.ar\/wp-content\/uploads\/2024\/05\/IMG-20240507-WA0008-400x400.jpg 400w, https:\/\/extension.uncoma.edu.ar\/wp-content\/uploads\/2024\/05\/IMG-20240507-WA0008-600x600.jpg 600w, https:\/\/extension.uncoma.edu.ar\/wp-content\/uploads\/2024\/05\/IMG-20240507-WA0008-768x768.jpg 768w, https:\/\/extension.uncoma.edu.ar\/wp-content\/uploads\/2024\/05\/IMG-20240507-WA0008-800x800.jpg 800w, https:\/\/extension.uncoma.edu.ar\/wp-content\/uploads\/2024\/05\/IMG-20240507-WA0008-1024x1024.jpg 1024w, https:\/\/extension.uncoma.edu.ar\/wp-content\/uploads\/2024\/05\/IMG-20240507-WA0008.jpg 1080w\" sizes=\"(max-width: 400px) 100vw, 400px\" \/><\/p>\n","protected":false},"excerpt":{"rendered":"<p>Patricia Chaina es la coordinadora de la Diplomatura en Cultura  [&#8230;]<\/p>\n","protected":false},"author":9,"featured_media":4725,"comment_status":"open","ping_status":"open","sticky":false,"template":"","format":"standard","meta":{"_acf_changed":false,"footnotes":""},"categories":[120],"tags":[],"class_list":["post-4760","post","type-post","status-publish","format-standard","has-post-thumbnail","hentry","category-prensa"],"acf":[],"_links":{"self":[{"href":"https:\/\/extension.uncoma.edu.ar\/index.php\/wp-json\/wp\/v2\/posts\/4760","targetHints":{"allow":["GET"]}}],"collection":[{"href":"https:\/\/extension.uncoma.edu.ar\/index.php\/wp-json\/wp\/v2\/posts"}],"about":[{"href":"https:\/\/extension.uncoma.edu.ar\/index.php\/wp-json\/wp\/v2\/types\/post"}],"author":[{"embeddable":true,"href":"https:\/\/extension.uncoma.edu.ar\/index.php\/wp-json\/wp\/v2\/users\/9"}],"replies":[{"embeddable":true,"href":"https:\/\/extension.uncoma.edu.ar\/index.php\/wp-json\/wp\/v2\/comments?post=4760"}],"version-history":[{"count":1,"href":"https:\/\/extension.uncoma.edu.ar\/index.php\/wp-json\/wp\/v2\/posts\/4760\/revisions"}],"predecessor-version":[{"id":4762,"href":"https:\/\/extension.uncoma.edu.ar\/index.php\/wp-json\/wp\/v2\/posts\/4760\/revisions\/4762"}],"wp:featuredmedia":[{"embeddable":true,"href":"https:\/\/extension.uncoma.edu.ar\/index.php\/wp-json\/wp\/v2\/media\/4725"}],"wp:attachment":[{"href":"https:\/\/extension.uncoma.edu.ar\/index.php\/wp-json\/wp\/v2\/media?parent=4760"}],"wp:term":[{"taxonomy":"category","embeddable":true,"href":"https:\/\/extension.uncoma.edu.ar\/index.php\/wp-json\/wp\/v2\/categories?post=4760"},{"taxonomy":"post_tag","embeddable":true,"href":"https:\/\/extension.uncoma.edu.ar\/index.php\/wp-json\/wp\/v2\/tags?post=4760"}],"curies":[{"name":"wp","href":"https:\/\/api.w.org\/{rel}","templated":true}]}}