{"id":4693,"date":"2024-05-03T09:03:58","date_gmt":"2024-05-03T12:03:58","guid":{"rendered":"https:\/\/extension.uncoma.edu.ar\/?p=4693"},"modified":"2024-05-03T09:03:58","modified_gmt":"2024-05-03T12:03:58","slug":"yoga-en-la-facultad-de-turismo","status":"publish","type":"post","link":"https:\/\/extension.uncoma.edu.ar\/index.php\/consejo-de-extension\/yoga-en-la-facultad-de-turismo\/","title":{"rendered":"Yoga en la Facultad de Turismo"},"content":{"rendered":"<p>En el marco del Programa FATU Cultural, la <a href=\"https:\/\/fatuweb.uncoma.edu.ar\/fatu\/\">Facultad de Turismo<\/a> invita a participar del Taller \u201cYOGA by Caro\u201d, a cargo de la estudiante Carolina Arriola Balocchi. El mismo est\u00e1 destinado a estudiantes, docentes, nodocentes y p\u00fablico en general y busca que las personas tengan un primer acercamiento a la pr\u00e1ctica de yoga a trav\u00e9s de diferentes ejercicios tanto f\u00edsicos como mentales.<\/p>\n<p>El taller inicia el 07 de mayo y se realizar\u00e1 en el Aula 10 de la Facultad de Turismo, en dos turnos:<br \/>\nMa\u00f1ana, 11 hs.<br \/>\nTarde, 18 hs.<\/p>\n<p>Inscripciones: <a href=\"https:\/\/forms.gle\/AtR13QakGBdVGur19\">https:\/\/forms.gle\/AtR13QakGBdVGur19<\/a><\/p>\n<p>Organizan: Secretar\u00eda de Extensi\u00f3n y Subsecretar\u00eda de Bienestar y Trayectorias Educativas de la Facultad de Turismo<\/p>\n<p><img decoding=\"async\" src=\"http:\/\/extension.uncoma.edu.ar\/wp-content\/uploads\/2024\/05\/WhatsApp-Image-2024-05-02-at-15.29.48-400x400.jpeg\" alt=\"\" width=\"400\" height=\"400\" class=\"alignnone wp-image-4694 size-fusion-400\" srcset=\"https:\/\/extension.uncoma.edu.ar\/wp-content\/uploads\/2024\/05\/WhatsApp-Image-2024-05-02-at-15.29.48-66x66.jpeg 66w, https:\/\/extension.uncoma.edu.ar\/wp-content\/uploads\/2024\/05\/WhatsApp-Image-2024-05-02-at-15.29.48-150x150.jpeg 150w, https:\/\/extension.uncoma.edu.ar\/wp-content\/uploads\/2024\/05\/WhatsApp-Image-2024-05-02-at-15.29.48-200x200.jpeg 200w, https:\/\/extension.uncoma.edu.ar\/wp-content\/uploads\/2024\/05\/WhatsApp-Image-2024-05-02-at-15.29.48-300x300.jpeg 300w, https:\/\/extension.uncoma.edu.ar\/wp-content\/uploads\/2024\/05\/WhatsApp-Image-2024-05-02-at-15.29.48-400x400.jpeg 400w, https:\/\/extension.uncoma.edu.ar\/wp-content\/uploads\/2024\/05\/WhatsApp-Image-2024-05-02-at-15.29.48-600x600.jpeg 600w, https:\/\/extension.uncoma.edu.ar\/wp-content\/uploads\/2024\/05\/WhatsApp-Image-2024-05-02-at-15.29.48-768x768.jpeg 768w, https:\/\/extension.uncoma.edu.ar\/wp-content\/uploads\/2024\/05\/WhatsApp-Image-2024-05-02-at-15.29.48-800x800.jpeg 800w, https:\/\/extension.uncoma.edu.ar\/wp-content\/uploads\/2024\/05\/WhatsApp-Image-2024-05-02-at-15.29.48-1024x1024.jpeg 1024w, https:\/\/extension.uncoma.edu.ar\/wp-content\/uploads\/2024\/05\/WhatsApp-Image-2024-05-02-at-15.29.48.jpeg 1080w\" sizes=\"(max-width: 400px) 100vw, 400px\" \/><\/p>\n","protected":false},"excerpt":{"rendered":"<p>En el marco del Programa FATU Cultural, la Facultad de  [&#8230;]<\/p>\n","protected":false},"author":9,"featured_media":4694,"comment_status":"open","ping_status":"open","sticky":false,"template":"","format":"standard","meta":{"_acf_changed":false,"footnotes":""},"categories":[119,120],"tags":[],"class_list":["post-4693","post","type-post","status-publish","format-standard","has-post-thumbnail","hentry","category-consejo-de-extension","category-prensa"],"acf":[],"_links":{"self":[{"href":"https:\/\/extension.uncoma.edu.ar\/index.php\/wp-json\/wp\/v2\/posts\/4693","targetHints":{"allow":["GET"]}}],"collection":[{"href":"https:\/\/extension.uncoma.edu.ar\/index.php\/wp-json\/wp\/v2\/posts"}],"about":[{"href":"https:\/\/extension.uncoma.edu.ar\/index.php\/wp-json\/wp\/v2\/types\/post"}],"author":[{"embeddable":true,"href":"https:\/\/extension.uncoma.edu.ar\/index.php\/wp-json\/wp\/v2\/users\/9"}],"replies":[{"embeddable":true,"href":"https:\/\/extension.uncoma.edu.ar\/index.php\/wp-json\/wp\/v2\/comments?post=4693"}],"version-history":[{"count":1,"href":"https:\/\/extension.uncoma.edu.ar\/index.php\/wp-json\/wp\/v2\/posts\/4693\/revisions"}],"predecessor-version":[{"id":4695,"href":"https:\/\/extension.uncoma.edu.ar\/index.php\/wp-json\/wp\/v2\/posts\/4693\/revisions\/4695"}],"wp:featuredmedia":[{"embeddable":true,"href":"https:\/\/extension.uncoma.edu.ar\/index.php\/wp-json\/wp\/v2\/media\/4694"}],"wp:attachment":[{"href":"https:\/\/extension.uncoma.edu.ar\/index.php\/wp-json\/wp\/v2\/media?parent=4693"}],"wp:term":[{"taxonomy":"category","embeddable":true,"href":"https:\/\/extension.uncoma.edu.ar\/index.php\/wp-json\/wp\/v2\/categories?post=4693"},{"taxonomy":"post_tag","embeddable":true,"href":"https:\/\/extension.uncoma.edu.ar\/index.php\/wp-json\/wp\/v2\/tags?post=4693"}],"curies":[{"name":"wp","href":"https:\/\/api.w.org\/{rel}","templated":true}]}}