{"id":4654,"date":"2024-04-26T11:14:54","date_gmt":"2024-04-26T14:14:54","guid":{"rendered":"https:\/\/extension.uncoma.edu.ar\/?p=4654"},"modified":"2024-04-26T11:16:09","modified_gmt":"2024-04-26T14:16:09","slug":"marca-universidad-publica-argentina","status":"publish","type":"post","link":"https:\/\/extension.uncoma.edu.ar\/index.php\/prensa\/marca-universidad-publica-argentina\/","title":{"rendered":"Marca Universidad P\u00fablica Argentina"},"content":{"rendered":"<p>En el programa radial \u00abC\u00f3mo llegamos hasta ac\u00e1\u00bb del lunes 22 de abril conversamos con Flavio Diez, responsable de la imagen institucional de la Universidad Nacional de Mar del Plata, sobre el trabajo de creaci\u00f3n de la Marca Universidad P\u00fablica Argentina que gan\u00f3 el Concurso organizado por el Consejo Interuniversitario Nacional.<\/p>\n<p>Adem\u00e1s, entrevistamos a Mar\u00eda Paula Quiroga investigadora en la UNCo Bariloche sobre el Proyecto que busca remover la hiedra invasora en la zona de Puerto Blest, en esa zona rionegrina.<\/p>\n<p>Por \u00faltimo, conversamos con Sandra Murriello acerca del art\u00edculo que escribi\u00f3 junto a Anah\u00ed Rayen Mariluan en el libro \u00abDocumentos in\u00e9ditos en lenguas fuegopatag\u00f3nicas (1880-1950)\u00bb, titulado <em>Del silenciamiento a los procesos de visibilizaci\u00f3n de lenguas y sonidos<\/em>. A la versi\u00f3n digital del libro se puede acceder en<br \/>\n<a href=\"https:\/\/books.openedition.org\/eunrn\/22317\">https:\/\/books.openedition.org\/eunrn\/22317<\/a><\/p>\n<p>&nbsp;<\/p>\n<audio class=\"wp-audio-shortcode\" id=\"audio-4654-1\" preload=\"none\" style=\"width: 100%;\" controls=\"controls\"><source type=\"audio\/mpeg\" src=\"http:\/\/extension.uncoma.edu.ar\/wp-content\/uploads\/2024\/04\/2024-04-22-como-llegamos.mp3?_=1\" \/><a href=\"http:\/\/extension.uncoma.edu.ar\/wp-content\/uploads\/2024\/04\/2024-04-22-como-llegamos.mp3\">http:\/\/extension.uncoma.edu.ar\/wp-content\/uploads\/2024\/04\/2024-04-22-como-llegamos.mp3<\/a><\/audio>\n<p>&nbsp;<\/p>\n<p>El programa \u00abC\u00f3mo llegamos hasta ac\u00e1\u00bb se realiza los lunes a partir de las 13 hs. en <a href=\"https:\/\/universidadcalf.com\/\">FM 103.7 Universidad-Calf<\/a>.<\/p>\n<p>&nbsp;<\/p>\n<p>&nbsp;<\/p>\n<p>&nbsp;<\/p>\n","protected":false},"excerpt":{"rendered":"<p>En el programa radial \u00abC\u00f3mo llegamos hasta ac\u00e1\u00bb del lunes  [&#8230;]<\/p>\n","protected":false},"author":9,"featured_media":4629,"comment_status":"open","ping_status":"open","sticky":false,"template":"","format":"standard","meta":{"_acf_changed":false,"footnotes":""},"categories":[120],"tags":[],"class_list":["post-4654","post","type-post","status-publish","format-standard","has-post-thumbnail","hentry","category-prensa"],"acf":[],"_links":{"self":[{"href":"https:\/\/extension.uncoma.edu.ar\/index.php\/wp-json\/wp\/v2\/posts\/4654","targetHints":{"allow":["GET"]}}],"collection":[{"href":"https:\/\/extension.uncoma.edu.ar\/index.php\/wp-json\/wp\/v2\/posts"}],"about":[{"href":"https:\/\/extension.uncoma.edu.ar\/index.php\/wp-json\/wp\/v2\/types\/post"}],"author":[{"embeddable":true,"href":"https:\/\/extension.uncoma.edu.ar\/index.php\/wp-json\/wp\/v2\/users\/9"}],"replies":[{"embeddable":true,"href":"https:\/\/extension.uncoma.edu.ar\/index.php\/wp-json\/wp\/v2\/comments?post=4654"}],"version-history":[{"count":1,"href":"https:\/\/extension.uncoma.edu.ar\/index.php\/wp-json\/wp\/v2\/posts\/4654\/revisions"}],"predecessor-version":[{"id":4656,"href":"https:\/\/extension.uncoma.edu.ar\/index.php\/wp-json\/wp\/v2\/posts\/4654\/revisions\/4656"}],"wp:featuredmedia":[{"embeddable":true,"href":"https:\/\/extension.uncoma.edu.ar\/index.php\/wp-json\/wp\/v2\/media\/4629"}],"wp:attachment":[{"href":"https:\/\/extension.uncoma.edu.ar\/index.php\/wp-json\/wp\/v2\/media?parent=4654"}],"wp:term":[{"taxonomy":"category","embeddable":true,"href":"https:\/\/extension.uncoma.edu.ar\/index.php\/wp-json\/wp\/v2\/categories?post=4654"},{"taxonomy":"post_tag","embeddable":true,"href":"https:\/\/extension.uncoma.edu.ar\/index.php\/wp-json\/wp\/v2\/tags?post=4654"}],"curies":[{"name":"wp","href":"https:\/\/api.w.org\/{rel}","templated":true}]}}