{"id":4576,"date":"2024-04-03T09:26:52","date_gmt":"2024-04-03T12:26:52","guid":{"rendered":"https:\/\/extension.uncoma.edu.ar\/?p=4576"},"modified":"2024-04-03T10:26:48","modified_gmt":"2024-04-03T13:26:48","slug":"jornada-en-defrensa-del-agua-y-la-cordillera","status":"publish","type":"post","link":"https:\/\/extension.uncoma.edu.ar\/index.php\/cultura\/jornada-en-defrensa-del-agua-y-la-cordillera\/","title":{"rendered":"Jornada en defensa del agua y la cordillera"},"content":{"rendered":"<p>La Secretar\u00eda de Extensi\u00f3n invita a la Jornada en defensa del Agua y la Cordillera que se llevar\u00e1 a cabo el viernes 5 de abril a partir de las 18.30 hs en el Aula Magna Salvador Allende de la Universidad Nacional del Comahue.<\/p>\n<p>En la misma se estrenar\u00e1 el documental\u00a0\u201cEl R\u00edo es nuestro alimento\u201d, que retrata la organizaci\u00f3n y resistencia de diversas comunidades frente a una exploraci\u00f3n minera que decantar\u00eda en una posible explotaci\u00f3n de mega miner\u00eda a cielo abierto sobre el cerro Chachil, a escasa distancia de comunidades mapuches y de la localidad de Las Coloradas, en el sudeste neuquino.<\/p>\n<p>Posteriormente, se realizar\u00e1 un panel conversatorio con miembros de organizaciones ambientales de la provincia.<\/p>\n<p>&nbsp;<\/p>\n<p><img decoding=\"async\" src=\"http:\/\/extension.uncoma.edu.ar\/wp-content\/uploads\/2022\/07\/Afiche-Defensa-Agua_Mesa-de-trabajo-1_Mesa-de-trabajo-1_Mesa-de-trabajo-1_Mesa-de-trabajo-1-240x300.jpg\" alt=\"\" width=\"240\" height=\"300\" class=\"alignnone wp-image-4575 size-medium\" srcset=\"https:\/\/extension.uncoma.edu.ar\/wp-content\/uploads\/2022\/07\/Afiche-Defensa-Agua_Mesa-de-trabajo-1_Mesa-de-trabajo-1_Mesa-de-trabajo-1_Mesa-de-trabajo-1-200x250.jpg 200w, https:\/\/extension.uncoma.edu.ar\/wp-content\/uploads\/2022\/07\/Afiche-Defensa-Agua_Mesa-de-trabajo-1_Mesa-de-trabajo-1_Mesa-de-trabajo-1_Mesa-de-trabajo-1-240x300.jpg 240w, https:\/\/extension.uncoma.edu.ar\/wp-content\/uploads\/2022\/07\/Afiche-Defensa-Agua_Mesa-de-trabajo-1_Mesa-de-trabajo-1_Mesa-de-trabajo-1_Mesa-de-trabajo-1-400x500.jpg 400w, https:\/\/extension.uncoma.edu.ar\/wp-content\/uploads\/2022\/07\/Afiche-Defensa-Agua_Mesa-de-trabajo-1_Mesa-de-trabajo-1_Mesa-de-trabajo-1_Mesa-de-trabajo-1-600x750.jpg 600w, https:\/\/extension.uncoma.edu.ar\/wp-content\/uploads\/2022\/07\/Afiche-Defensa-Agua_Mesa-de-trabajo-1_Mesa-de-trabajo-1_Mesa-de-trabajo-1_Mesa-de-trabajo-1-768x960.jpg 768w, https:\/\/extension.uncoma.edu.ar\/wp-content\/uploads\/2022\/07\/Afiche-Defensa-Agua_Mesa-de-trabajo-1_Mesa-de-trabajo-1_Mesa-de-trabajo-1_Mesa-de-trabajo-1-800x1000.jpg 800w, https:\/\/extension.uncoma.edu.ar\/wp-content\/uploads\/2022\/07\/Afiche-Defensa-Agua_Mesa-de-trabajo-1_Mesa-de-trabajo-1_Mesa-de-trabajo-1_Mesa-de-trabajo-1-819x1024.jpg 819w, https:\/\/extension.uncoma.edu.ar\/wp-content\/uploads\/2022\/07\/Afiche-Defensa-Agua_Mesa-de-trabajo-1_Mesa-de-trabajo-1_Mesa-de-trabajo-1_Mesa-de-trabajo-1.jpg 1081w\" sizes=\"(max-width: 240px) 100vw, 240px\" \/><\/p>\n","protected":false},"excerpt":{"rendered":"<p>La Secretar\u00eda de Extensi\u00f3n invita a la Jornada en defensa  [&#8230;]<\/p>\n","protected":false},"author":9,"featured_media":4575,"comment_status":"open","ping_status":"open","sticky":false,"template":"","format":"standard","meta":{"_acf_changed":false,"footnotes":""},"categories":[118,120],"tags":[],"class_list":["post-4576","post","type-post","status-publish","format-standard","has-post-thumbnail","hentry","category-cultura","category-prensa"],"acf":[],"_links":{"self":[{"href":"https:\/\/extension.uncoma.edu.ar\/index.php\/wp-json\/wp\/v2\/posts\/4576","targetHints":{"allow":["GET"]}}],"collection":[{"href":"https:\/\/extension.uncoma.edu.ar\/index.php\/wp-json\/wp\/v2\/posts"}],"about":[{"href":"https:\/\/extension.uncoma.edu.ar\/index.php\/wp-json\/wp\/v2\/types\/post"}],"author":[{"embeddable":true,"href":"https:\/\/extension.uncoma.edu.ar\/index.php\/wp-json\/wp\/v2\/users\/9"}],"replies":[{"embeddable":true,"href":"https:\/\/extension.uncoma.edu.ar\/index.php\/wp-json\/wp\/v2\/comments?post=4576"}],"version-history":[{"count":2,"href":"https:\/\/extension.uncoma.edu.ar\/index.php\/wp-json\/wp\/v2\/posts\/4576\/revisions"}],"predecessor-version":[{"id":4578,"href":"https:\/\/extension.uncoma.edu.ar\/index.php\/wp-json\/wp\/v2\/posts\/4576\/revisions\/4578"}],"wp:featuredmedia":[{"embeddable":true,"href":"https:\/\/extension.uncoma.edu.ar\/index.php\/wp-json\/wp\/v2\/media\/4575"}],"wp:attachment":[{"href":"https:\/\/extension.uncoma.edu.ar\/index.php\/wp-json\/wp\/v2\/media?parent=4576"}],"wp:term":[{"taxonomy":"category","embeddable":true,"href":"https:\/\/extension.uncoma.edu.ar\/index.php\/wp-json\/wp\/v2\/categories?post=4576"},{"taxonomy":"post_tag","embeddable":true,"href":"https:\/\/extension.uncoma.edu.ar\/index.php\/wp-json\/wp\/v2\/tags?post=4576"}],"curies":[{"name":"wp","href":"https:\/\/api.w.org\/{rel}","templated":true}]}}