{"id":4538,"date":"2024-03-11T11:28:37","date_gmt":"2024-03-11T14:28:37","guid":{"rendered":"https:\/\/extension.uncoma.edu.ar\/?p=4538"},"modified":"2024-03-11T11:28:37","modified_gmt":"2024-03-11T14:28:37","slug":"festival-elijo-crecer","status":"publish","type":"post","link":"https:\/\/extension.uncoma.edu.ar\/index.php\/prensa\/festival-elijo-crecer\/","title":{"rendered":"Festival Elijo Crecer"},"content":{"rendered":"<p><img decoding=\"async\" src=\"http:\/\/extension.uncoma.edu.ar\/wp-content\/uploads\/2024\/03\/Elijo-Crecer-Festival-federal-de-ciencia-Gacetilla-400x566.png\" alt=\"\" width=\"400\" height=\"566\" class=\"alignnone wp-image-4540 size-fusion-400\" srcset=\"https:\/\/extension.uncoma.edu.ar\/wp-content\/uploads\/2024\/03\/Elijo-Crecer-Festival-federal-de-ciencia-Gacetilla-200x283.png 200w, https:\/\/extension.uncoma.edu.ar\/wp-content\/uploads\/2024\/03\/Elijo-Crecer-Festival-federal-de-ciencia-Gacetilla-212x300.png 212w, https:\/\/extension.uncoma.edu.ar\/wp-content\/uploads\/2024\/03\/Elijo-Crecer-Festival-federal-de-ciencia-Gacetilla-400x566.png 400w, https:\/\/extension.uncoma.edu.ar\/wp-content\/uploads\/2024\/03\/Elijo-Crecer-Festival-federal-de-ciencia-Gacetilla-600x849.png 600w, https:\/\/extension.uncoma.edu.ar\/wp-content\/uploads\/2024\/03\/Elijo-Crecer-Festival-federal-de-ciencia-Gacetilla-724x1024.png 724w, https:\/\/extension.uncoma.edu.ar\/wp-content\/uploads\/2024\/03\/Elijo-Crecer-Festival-federal-de-ciencia-Gacetilla-768x1086.png 768w, https:\/\/extension.uncoma.edu.ar\/wp-content\/uploads\/2024\/03\/Elijo-Crecer-Festival-federal-de-ciencia-Gacetilla-800x1132.png 800w, https:\/\/extension.uncoma.edu.ar\/wp-content\/uploads\/2024\/03\/Elijo-Crecer-Festival-federal-de-ciencia-Gacetilla-1086x1536.png 1086w, https:\/\/extension.uncoma.edu.ar\/wp-content\/uploads\/2024\/03\/Elijo-Crecer-Festival-federal-de-ciencia-Gacetilla-1200x1697.png 1200w, https:\/\/extension.uncoma.edu.ar\/wp-content\/uploads\/2024\/03\/Elijo-Crecer-Festival-federal-de-ciencia-Gacetilla.png 1414w\" sizes=\"(max-width: 400px) 100vw, 400px\" \/><\/p>\n<p><strong>Elijo Crecer<\/strong> es el Primer Festival Federal de Ciencia que se realizar\u00e1 los d\u00edas 6 y 7 de abril en defensa de la ciencia argentina, desde Jujuy a Tierra del Fuego, desde el R\u00edo de la Plata hasta la Cordillera de los Andes.<\/p>\n<p>Los interesados en participar\u00a0 pueden anotarse en <a href=\"http:\/\/https\/\/bit.ly\/ElijoCrecer2024\">https\/\/bit.ly\/ElijoCrecer2024<\/a> o a trav\u00e9s del correo electr\u00f3nico <a href=\"mailto:elijocrecerfest@gmail.com\">elijocrecerfest@gmail.com<\/a><\/p>\n<p>A continuaci\u00f3n compartimos el audio de la charla que sostuvimos con Valeria Edelzstein y Claudio Cormick en el espacio de La Banda Ancha, que se emite por FM 103.7 Universidad-Calf.<\/p>\n<audio class=\"wp-audio-shortcode\" id=\"audio-4538-1\" preload=\"none\" style=\"width: 100%;\" controls=\"controls\"><source type=\"audio\/mpeg\" src=\"http:\/\/extension.uncoma.edu.ar\/wp-content\/uploads\/2024\/03\/elijo-crecer-edelzstein-cormick.mp3?_=1\" \/><a href=\"http:\/\/extension.uncoma.edu.ar\/wp-content\/uploads\/2024\/03\/elijo-crecer-edelzstein-cormick.mp3\">http:\/\/extension.uncoma.edu.ar\/wp-content\/uploads\/2024\/03\/elijo-crecer-edelzstein-cormick.mp3<\/a><\/audio>\n<p>&nbsp;<\/p>\n","protected":false},"excerpt":{"rendered":"<p>Elijo Crecer es el Primer Festival Federal de Ciencia que  [&#8230;]<\/p>\n","protected":false},"author":9,"featured_media":4540,"comment_status":"open","ping_status":"open","sticky":false,"template":"","format":"standard","meta":{"_acf_changed":false,"footnotes":""},"categories":[120],"tags":[],"class_list":["post-4538","post","type-post","status-publish","format-standard","has-post-thumbnail","hentry","category-prensa"],"acf":[],"_links":{"self":[{"href":"https:\/\/extension.uncoma.edu.ar\/index.php\/wp-json\/wp\/v2\/posts\/4538","targetHints":{"allow":["GET"]}}],"collection":[{"href":"https:\/\/extension.uncoma.edu.ar\/index.php\/wp-json\/wp\/v2\/posts"}],"about":[{"href":"https:\/\/extension.uncoma.edu.ar\/index.php\/wp-json\/wp\/v2\/types\/post"}],"author":[{"embeddable":true,"href":"https:\/\/extension.uncoma.edu.ar\/index.php\/wp-json\/wp\/v2\/users\/9"}],"replies":[{"embeddable":true,"href":"https:\/\/extension.uncoma.edu.ar\/index.php\/wp-json\/wp\/v2\/comments?post=4538"}],"version-history":[{"count":1,"href":"https:\/\/extension.uncoma.edu.ar\/index.php\/wp-json\/wp\/v2\/posts\/4538\/revisions"}],"predecessor-version":[{"id":4542,"href":"https:\/\/extension.uncoma.edu.ar\/index.php\/wp-json\/wp\/v2\/posts\/4538\/revisions\/4542"}],"wp:featuredmedia":[{"embeddable":true,"href":"https:\/\/extension.uncoma.edu.ar\/index.php\/wp-json\/wp\/v2\/media\/4540"}],"wp:attachment":[{"href":"https:\/\/extension.uncoma.edu.ar\/index.php\/wp-json\/wp\/v2\/media?parent=4538"}],"wp:term":[{"taxonomy":"category","embeddable":true,"href":"https:\/\/extension.uncoma.edu.ar\/index.php\/wp-json\/wp\/v2\/categories?post=4538"},{"taxonomy":"post_tag","embeddable":true,"href":"https:\/\/extension.uncoma.edu.ar\/index.php\/wp-json\/wp\/v2\/tags?post=4538"}],"curies":[{"name":"wp","href":"https:\/\/api.w.org\/{rel}","templated":true}]}}