{"id":4511,"date":"2024-02-16T08:38:13","date_gmt":"2024-02-16T11:38:13","guid":{"rendered":"https:\/\/extension.uncoma.edu.ar\/?p=4511"},"modified":"2024-02-16T08:38:13","modified_gmt":"2024-02-16T11:38:13","slug":"convocatoria-de-la-revista-de-extension","status":"publish","type":"post","link":"https:\/\/extension.uncoma.edu.ar\/index.php\/prensa\/convocatoria-de-la-revista-de-extension\/","title":{"rendered":"Convocatoria de la Revista de Extensi\u00f3n"},"content":{"rendered":"<p>La Secretar\u00eda de Extensi\u00f3n Universitaria de la Universidad Nacional de C\u00f3rdoba convoca a la presentaci\u00f3n de art\u00edculos para integrar el n\u00famero 17 de la <strong>Revista EXT<\/strong>. En esta ocasi\u00f3n, el eje tem\u00e1tico no excluyente es \u201cLa extensi\u00f3n en Democracia, a 40 a\u00f1os de la recuperaci\u00f3n de la institucionalidad\u201d.<\/p>\n<p>Los textos se recibir\u00e1n hasta el 25 de marzo de 2024.<\/p>\n<p>En esta oportunidad, se espera recibir art\u00edculos que analicen el papel de la extensi\u00f3n universitaria durante el proceso de democratizaci\u00f3n, a lo largo de diferentes dimensiones. El objetivo es reflexionar sobre la evoluci\u00f3n, contribuciones, tensiones y los desaf\u00edos persistentes a lo largo de estas \u00faltimas cuatro d\u00e9cadas, as\u00ed como un balance sobre el escenario actual. Se anima a la presentaci\u00f3n de art\u00edculos que aborden diversas perspectivas dentro de este marco tem\u00e1tico. Se valorar\u00e1 especialmente la pluralidad de enfoques y la diversidad de ideas en relaci\u00f3n con la extensi\u00f3n universitaria y su interacci\u00f3n con la sociedad en la construcci\u00f3n de la democracia.<\/p>\n<p><a href=\"https:\/\/bit.ly\/3RssTEY\">M\u00e1s informaci\u00f3n<\/a><\/p>\n<p>Por otro lado, la convocatoria tambi\u00e9n est\u00e1 abierta a la recepci\u00f3n de trabajos que aborden otros aspectos relevantes en el \u00e1mbito de la extensi\u00f3n universitaria, independientes del tema principal.<\/p>\n<p>Consultas: <a href=\"mailto:revistaext@extension.unc.edu.ar\">revistaext@extension.unc.edu.ar<\/a><br \/>\nAcerca de la Revista: <a href=\"http:\/\/www.unc.edu.ar\/extension\/revista-ext\">www.unc.edu.ar\/extension\/revista-ext<\/a><\/p>\n","protected":false},"excerpt":{"rendered":"<p>La Secretar\u00eda de Extensi\u00f3n Universitaria de la Universidad Nacional de  [&#8230;]<\/p>\n","protected":false},"author":9,"featured_media":4512,"comment_status":"open","ping_status":"open","sticky":false,"template":"","format":"standard","meta":{"_acf_changed":false,"footnotes":""},"categories":[120],"tags":[],"class_list":["post-4511","post","type-post","status-publish","format-standard","has-post-thumbnail","hentry","category-prensa"],"acf":[],"_links":{"self":[{"href":"https:\/\/extension.uncoma.edu.ar\/index.php\/wp-json\/wp\/v2\/posts\/4511","targetHints":{"allow":["GET"]}}],"collection":[{"href":"https:\/\/extension.uncoma.edu.ar\/index.php\/wp-json\/wp\/v2\/posts"}],"about":[{"href":"https:\/\/extension.uncoma.edu.ar\/index.php\/wp-json\/wp\/v2\/types\/post"}],"author":[{"embeddable":true,"href":"https:\/\/extension.uncoma.edu.ar\/index.php\/wp-json\/wp\/v2\/users\/9"}],"replies":[{"embeddable":true,"href":"https:\/\/extension.uncoma.edu.ar\/index.php\/wp-json\/wp\/v2\/comments?post=4511"}],"version-history":[{"count":1,"href":"https:\/\/extension.uncoma.edu.ar\/index.php\/wp-json\/wp\/v2\/posts\/4511\/revisions"}],"predecessor-version":[{"id":4513,"href":"https:\/\/extension.uncoma.edu.ar\/index.php\/wp-json\/wp\/v2\/posts\/4511\/revisions\/4513"}],"wp:featuredmedia":[{"embeddable":true,"href":"https:\/\/extension.uncoma.edu.ar\/index.php\/wp-json\/wp\/v2\/media\/4512"}],"wp:attachment":[{"href":"https:\/\/extension.uncoma.edu.ar\/index.php\/wp-json\/wp\/v2\/media?parent=4511"}],"wp:term":[{"taxonomy":"category","embeddable":true,"href":"https:\/\/extension.uncoma.edu.ar\/index.php\/wp-json\/wp\/v2\/categories?post=4511"},{"taxonomy":"post_tag","embeddable":true,"href":"https:\/\/extension.uncoma.edu.ar\/index.php\/wp-json\/wp\/v2\/tags?post=4511"}],"curies":[{"name":"wp","href":"https:\/\/api.w.org\/{rel}","templated":true}]}}