{"id":4485,"date":"2023-12-07T10:22:50","date_gmt":"2023-12-07T13:22:50","guid":{"rendered":"https:\/\/extension.uncoma.edu.ar\/?p=4485"},"modified":"2023-12-07T10:22:50","modified_gmt":"2023-12-07T13:22:50","slug":"la-orquesta-infanto-juvenil-de-cuerdas-de-la-unco-homenajea-a-noemi-labrune","status":"publish","type":"post","link":"https:\/\/extension.uncoma.edu.ar\/index.php\/cultura\/la-orquesta-infanto-juvenil-de-cuerdas-de-la-unco-homenajea-a-noemi-labrune\/","title":{"rendered":"La Orquesta Infanto Juvenil de Cuerdas de la UNCo homenajea a Noem\u00ed Labrune"},"content":{"rendered":"<p>La Orquesta Infanto Juvenil de Cuerdas de la UNCo fue convocada a participar del Reconocimiento a Noem\u00ed Labrune. La formaci\u00f3n musical se presentar\u00e1 el lunes 11 de diciembre en el Centro Cultural Gregorio \u00c1lvarez de Plaza Huincul en el marco del festejo \u201cEl regalo de los Chicos\u201d.<\/p>\n<p>El p\u00fablico puede disfrutar de la actividad en forma libre y gratuita.<\/p>\n<p><img decoding=\"async\" src=\"http:\/\/extension.uncoma.edu.ar\/wp-content\/uploads\/2023\/12\/orqnoem-400x400.jpeg\" alt=\"\" width=\"400\" height=\"400\" class=\"alignnone wp-image-4486 size-fusion-400\" srcset=\"https:\/\/extension.uncoma.edu.ar\/wp-content\/uploads\/2023\/12\/orqnoem-66x66.jpeg 66w, https:\/\/extension.uncoma.edu.ar\/wp-content\/uploads\/2023\/12\/orqnoem-150x150.jpeg 150w, https:\/\/extension.uncoma.edu.ar\/wp-content\/uploads\/2023\/12\/orqnoem-200x200.jpeg 200w, https:\/\/extension.uncoma.edu.ar\/wp-content\/uploads\/2023\/12\/orqnoem-300x300.jpeg 300w, https:\/\/extension.uncoma.edu.ar\/wp-content\/uploads\/2023\/12\/orqnoem-400x400.jpeg 400w, https:\/\/extension.uncoma.edu.ar\/wp-content\/uploads\/2023\/12\/orqnoem-600x600.jpeg 600w, https:\/\/extension.uncoma.edu.ar\/wp-content\/uploads\/2023\/12\/orqnoem-768x768.jpeg 768w, https:\/\/extension.uncoma.edu.ar\/wp-content\/uploads\/2023\/12\/orqnoem-800x800.jpeg 800w, https:\/\/extension.uncoma.edu.ar\/wp-content\/uploads\/2023\/12\/orqnoem-1024x1024.jpeg 1024w, https:\/\/extension.uncoma.edu.ar\/wp-content\/uploads\/2023\/12\/orqnoem-1200x1200.jpeg 1200w, https:\/\/extension.uncoma.edu.ar\/wp-content\/uploads\/2023\/12\/orqnoem.jpeg 1536w\" sizes=\"(max-width: 400px) 100vw, 400px\" \/><\/p>\n","protected":false},"excerpt":{"rendered":"<p>La Orquesta Infanto Juvenil de Cuerdas de la UNCo fue  [&#8230;]<\/p>\n","protected":false},"author":9,"featured_media":4486,"comment_status":"open","ping_status":"open","sticky":false,"template":"","format":"standard","meta":{"_acf_changed":false,"footnotes":""},"categories":[118,120],"tags":[],"class_list":["post-4485","post","type-post","status-publish","format-standard","has-post-thumbnail","hentry","category-cultura","category-prensa"],"acf":[],"_links":{"self":[{"href":"https:\/\/extension.uncoma.edu.ar\/index.php\/wp-json\/wp\/v2\/posts\/4485","targetHints":{"allow":["GET"]}}],"collection":[{"href":"https:\/\/extension.uncoma.edu.ar\/index.php\/wp-json\/wp\/v2\/posts"}],"about":[{"href":"https:\/\/extension.uncoma.edu.ar\/index.php\/wp-json\/wp\/v2\/types\/post"}],"author":[{"embeddable":true,"href":"https:\/\/extension.uncoma.edu.ar\/index.php\/wp-json\/wp\/v2\/users\/9"}],"replies":[{"embeddable":true,"href":"https:\/\/extension.uncoma.edu.ar\/index.php\/wp-json\/wp\/v2\/comments?post=4485"}],"version-history":[{"count":1,"href":"https:\/\/extension.uncoma.edu.ar\/index.php\/wp-json\/wp\/v2\/posts\/4485\/revisions"}],"predecessor-version":[{"id":4487,"href":"https:\/\/extension.uncoma.edu.ar\/index.php\/wp-json\/wp\/v2\/posts\/4485\/revisions\/4487"}],"wp:featuredmedia":[{"embeddable":true,"href":"https:\/\/extension.uncoma.edu.ar\/index.php\/wp-json\/wp\/v2\/media\/4486"}],"wp:attachment":[{"href":"https:\/\/extension.uncoma.edu.ar\/index.php\/wp-json\/wp\/v2\/media?parent=4485"}],"wp:term":[{"taxonomy":"category","embeddable":true,"href":"https:\/\/extension.uncoma.edu.ar\/index.php\/wp-json\/wp\/v2\/categories?post=4485"},{"taxonomy":"post_tag","embeddable":true,"href":"https:\/\/extension.uncoma.edu.ar\/index.php\/wp-json\/wp\/v2\/tags?post=4485"}],"curies":[{"name":"wp","href":"https:\/\/api.w.org\/{rel}","templated":true}]}}