{"id":4480,"date":"2023-12-06T11:19:26","date_gmt":"2023-12-06T14:19:26","guid":{"rendered":"https:\/\/extension.uncoma.edu.ar\/?p=4480"},"modified":"2023-12-06T11:19:26","modified_gmt":"2023-12-06T14:19:26","slug":"ya-salio-el-no-2-de-cuadernos-de-extension","status":"publish","type":"post","link":"https:\/\/extension.uncoma.edu.ar\/index.php\/consejo-de-extension\/ya-salio-el-no-2-de-cuadernos-de-extension\/","title":{"rendered":"Ya sali\u00f3 el N\u00ba 2 de Cuadernos de Extensi\u00f3n"},"content":{"rendered":"<p>Ya est\u00e1 disponible el N\u00famero 2, Vol\u00famen 7 de la Revista Cuadernos de Extensi\u00f3n, correspondiente al per\u00edodo julio-diciembre de 2023.<\/p>\n<p>En este nuevo n\u00famero se presentan once art\u00edculos, de los cuales ocho corresponden a la tem\u00e1tica del Dossier \u00abTender puentes entre las pr\u00e1cticas extensionistas y la preservaci\u00f3n del patrimonio cultural\u00bb, y los otros tres corresponden a tem\u00e1ticas generales. Adem\u00e1s, el mismo cuenta con una rese\u00f1a y una entrevista.<\/p>\n<p>Las autor\u00edas de los art\u00edculos, las rese\u00f1as y la entrevista corresponden a docentes y extensionistas de las Universidades Nacionales de Misiones, Mar del Plata, Cuyo, Luj\u00e1n, Buenos Aires, Entre R\u00edos, Aut\u00f3noma de Entre R\u00edos, La Habana (Cuba), Agraria de La Habana (Cuba), Pinar del R\u00edo (Cuba), Arturo Jauretche, R\u00edo Negro, Ciego de \u00c1vila M\u00e1ximo G\u00f3mez B\u00e1ez (Cuba) y Escuela de Nutrici\u00f3n de la Universidad de Costa Rica.<\/p>\n<p>La Revista es una publicaci\u00f3n de la Secretar\u00eda de Cultura y Extensi\u00f3n Universitaria de la Universidad Nacional de La Pampa, dirigida por la Dra. L\u00eda Norverto.<\/p>\n<p>Se puede acceder a este nuevo n\u00famero (y a los anteriores) a trav\u00e9s del Portal de Revistas de la UNLPam en el <a href=\"https:\/\/cerac.unlpam.edu.ar\/index.php\/cuadernos\">enlace<\/a><\/p>\n<p>&nbsp;<\/p>\n","protected":false},"excerpt":{"rendered":"<p>Ya est\u00e1 disponible el N\u00famero 2, Vol\u00famen 7 de la  [&#8230;]<\/p>\n","protected":false},"author":9,"featured_media":4481,"comment_status":"open","ping_status":"open","sticky":false,"template":"","format":"standard","meta":{"_acf_changed":false,"footnotes":""},"categories":[119,120],"tags":[],"class_list":["post-4480","post","type-post","status-publish","format-standard","has-post-thumbnail","hentry","category-consejo-de-extension","category-prensa"],"acf":[],"_links":{"self":[{"href":"https:\/\/extension.uncoma.edu.ar\/index.php\/wp-json\/wp\/v2\/posts\/4480","targetHints":{"allow":["GET"]}}],"collection":[{"href":"https:\/\/extension.uncoma.edu.ar\/index.php\/wp-json\/wp\/v2\/posts"}],"about":[{"href":"https:\/\/extension.uncoma.edu.ar\/index.php\/wp-json\/wp\/v2\/types\/post"}],"author":[{"embeddable":true,"href":"https:\/\/extension.uncoma.edu.ar\/index.php\/wp-json\/wp\/v2\/users\/9"}],"replies":[{"embeddable":true,"href":"https:\/\/extension.uncoma.edu.ar\/index.php\/wp-json\/wp\/v2\/comments?post=4480"}],"version-history":[{"count":1,"href":"https:\/\/extension.uncoma.edu.ar\/index.php\/wp-json\/wp\/v2\/posts\/4480\/revisions"}],"predecessor-version":[{"id":4482,"href":"https:\/\/extension.uncoma.edu.ar\/index.php\/wp-json\/wp\/v2\/posts\/4480\/revisions\/4482"}],"wp:featuredmedia":[{"embeddable":true,"href":"https:\/\/extension.uncoma.edu.ar\/index.php\/wp-json\/wp\/v2\/media\/4481"}],"wp:attachment":[{"href":"https:\/\/extension.uncoma.edu.ar\/index.php\/wp-json\/wp\/v2\/media?parent=4480"}],"wp:term":[{"taxonomy":"category","embeddable":true,"href":"https:\/\/extension.uncoma.edu.ar\/index.php\/wp-json\/wp\/v2\/categories?post=4480"},{"taxonomy":"post_tag","embeddable":true,"href":"https:\/\/extension.uncoma.edu.ar\/index.php\/wp-json\/wp\/v2\/tags?post=4480"}],"curies":[{"name":"wp","href":"https:\/\/api.w.org\/{rel}","templated":true}]}}