{"id":4401,"date":"2023-11-07T10:30:47","date_gmt":"2023-11-07T13:30:47","guid":{"rendered":"https:\/\/extension.uncoma.edu.ar\/?p=4401"},"modified":"2023-11-07T10:30:47","modified_gmt":"2023-11-07T13:30:47","slug":"presentan-documental-al-borde-en-bariloche","status":"publish","type":"post","link":"https:\/\/extension.uncoma.edu.ar\/index.php\/consejo-de-extension\/presentan-documental-al-borde-en-bariloche\/","title":{"rendered":"Presentan documental \u00abAl borde\u00bb en Bariloche"},"content":{"rendered":"<p>Este mi\u00e9rcoles 8 de noviembre a las 20 hs. se realizar\u00e1 el estreno nacional del documental <strong>Al Borde<\/strong>\u00a0en el Aula Magna \u00abJuan Marcos Herman\u00bb del Centro Regional Universitario Bariloche de la Universidad Nacional del Comahue, Quintal 1250.<\/p>\n<p>\u00abAl Borde\u00bb es una pel\u00edcula dirigida por C\u00e9sar Gonz\u00e1lez y producida por la radio <a href=\"https:\/\/futurock.fm\/\">Futurock<\/a> sobre las elecciones 2023. El estreno en la UNCo Bariloche se realiza en simult\u00e1neo con otra decena de proyecciones en distintos puntos del pa\u00eds.<\/p>\n<p>La actividad es organizada por el Centro de Estudiantes del CRUB y la UNCo Bariloche.<\/p>\n<p>M\u00e1s informaci\u00f3n sobre el documental en <a href=\"https:\/\/www.instagram.com\/albordedocumental\/?igshid=OGQ5ZDc2ODk2ZA%3D%3D\">link<\/a><\/p>\n<p><img decoding=\"async\" src=\"http:\/\/extension.uncoma.edu.ar\/wp-content\/uploads\/2023\/11\/unnamed-400x500.jpg\" alt=\"\" width=\"400\" height=\"500\" class=\"alignnone wp-image-4402 size-fusion-400\" srcset=\"https:\/\/extension.uncoma.edu.ar\/wp-content\/uploads\/2023\/11\/unnamed-200x250.jpg 200w, https:\/\/extension.uncoma.edu.ar\/wp-content\/uploads\/2023\/11\/unnamed-240x300.jpg 240w, https:\/\/extension.uncoma.edu.ar\/wp-content\/uploads\/2023\/11\/unnamed-400x500.jpg 400w, https:\/\/extension.uncoma.edu.ar\/wp-content\/uploads\/2023\/11\/unnamed-600x750.jpg 600w, https:\/\/extension.uncoma.edu.ar\/wp-content\/uploads\/2023\/11\/unnamed-768x960.jpg 768w, https:\/\/extension.uncoma.edu.ar\/wp-content\/uploads\/2023\/11\/unnamed-800x1000.jpg 800w, https:\/\/extension.uncoma.edu.ar\/wp-content\/uploads\/2023\/11\/unnamed-819x1024.jpg 819w, https:\/\/extension.uncoma.edu.ar\/wp-content\/uploads\/2023\/11\/unnamed.jpg 1080w\" sizes=\"(max-width: 400px) 100vw, 400px\" \/><\/p>\n","protected":false},"excerpt":{"rendered":"<p>Este mi\u00e9rcoles 8 de noviembre a las 20 hs. se  [&#8230;]<\/p>\n","protected":false},"author":9,"featured_media":4402,"comment_status":"open","ping_status":"open","sticky":false,"template":"","format":"standard","meta":{"_acf_changed":false,"footnotes":""},"categories":[119,120],"tags":[],"class_list":["post-4401","post","type-post","status-publish","format-standard","has-post-thumbnail","hentry","category-consejo-de-extension","category-prensa"],"acf":[],"_links":{"self":[{"href":"https:\/\/extension.uncoma.edu.ar\/index.php\/wp-json\/wp\/v2\/posts\/4401","targetHints":{"allow":["GET"]}}],"collection":[{"href":"https:\/\/extension.uncoma.edu.ar\/index.php\/wp-json\/wp\/v2\/posts"}],"about":[{"href":"https:\/\/extension.uncoma.edu.ar\/index.php\/wp-json\/wp\/v2\/types\/post"}],"author":[{"embeddable":true,"href":"https:\/\/extension.uncoma.edu.ar\/index.php\/wp-json\/wp\/v2\/users\/9"}],"replies":[{"embeddable":true,"href":"https:\/\/extension.uncoma.edu.ar\/index.php\/wp-json\/wp\/v2\/comments?post=4401"}],"version-history":[{"count":1,"href":"https:\/\/extension.uncoma.edu.ar\/index.php\/wp-json\/wp\/v2\/posts\/4401\/revisions"}],"predecessor-version":[{"id":4403,"href":"https:\/\/extension.uncoma.edu.ar\/index.php\/wp-json\/wp\/v2\/posts\/4401\/revisions\/4403"}],"wp:featuredmedia":[{"embeddable":true,"href":"https:\/\/extension.uncoma.edu.ar\/index.php\/wp-json\/wp\/v2\/media\/4402"}],"wp:attachment":[{"href":"https:\/\/extension.uncoma.edu.ar\/index.php\/wp-json\/wp\/v2\/media?parent=4401"}],"wp:term":[{"taxonomy":"category","embeddable":true,"href":"https:\/\/extension.uncoma.edu.ar\/index.php\/wp-json\/wp\/v2\/categories?post=4401"},{"taxonomy":"post_tag","embeddable":true,"href":"https:\/\/extension.uncoma.edu.ar\/index.php\/wp-json\/wp\/v2\/tags?post=4401"}],"curies":[{"name":"wp","href":"https:\/\/api.w.org\/{rel}","templated":true}]}}