{"id":4386,"date":"2023-11-02T11:09:56","date_gmt":"2023-11-02T14:09:56","guid":{"rendered":"https:\/\/extension.uncoma.edu.ar\/?p=4386"},"modified":"2023-11-02T11:09:56","modified_gmt":"2023-11-02T14:09:56","slug":"ultimo-encuentro-de-coros-en-el-aula-magna","status":"publish","type":"post","link":"https:\/\/extension.uncoma.edu.ar\/index.php\/cultura\/ultimo-encuentro-de-coros-en-el-aula-magna\/","title":{"rendered":"\u00daltimo encuentro de Coros en el Aula Magna"},"content":{"rendered":"<p>El Dpto. de Cultura y el Coro Universitario invitan al \u00faltimo concierto del Ciclo de Encuentros Corales en el Aula Magna del a\u00f1o 2023.<\/p>\n<p>La oportunidad de disfrutar de los ensambles vocales ser\u00e1 el pr\u00f3ximo s\u00e1bado 04 de noviembre a partir de las 20 horas en el Aula Magna de la Universidad Nacional del Comahue y, en esta ocasi\u00f3n, compartir\u00e1n escenario el Ensamble Vocal de IUPA Coral (Gral. Roca), el Coro Cantat\u00f3mico del Instituto Balseiro (Bariloche) y Cuatro Quintos (Neuqu\u00e9n).<\/p>\n<p>&nbsp;<\/p>\n<p><strong>Coro Universitario del Comahue<\/strong><\/p>\n<p>&#8211; Zamba de mi esperanza | Luis H. Morales &#8211; Arreglo: Eduardo Ferraudi<br \/>\n&#8211; Serenata para la tierra de uno | Mar\u00eda Elene Walsh &#8211; Version Coral: Lliana Cangiano<br \/>\n&#8211; Inconciente colectivo | Charly Garc\u00eda &#8211; Version coral: Manuela Saralegui<br \/>\n&#8211; Entre el espanto y la ternura | Silvio Rodriguez y Beatriz Corona<\/p>\n<p>Direcci\u00f3n est\u00e1 a cargo de Manuela Saralegui y preparaci\u00f3n vocal de Gabriela Coniglio.<\/p>\n<p>El coro est\u00e1 integrado por estudiantes, docentes y no docentes de la UNCo, estudiantes y docentes de m\u00fasica, y aficionadxs al canto coral.<\/p>\n<p>SOPRANOS: Ana Cecilia Camacho, Silvina Fainberg, Laura Marina Fontana, Victoria Ghiselli, Noelia Giuliano, Mar\u00eda Andrea Morales, Amelia Pereyra, Aldana Rivera, Irina Rivero, Yamai Zapata.<\/p>\n<p>TENORES: Carlos Aciar, Juan Manuel Claver\u00eda, Marcos Fuentes, Luis Giannini, Lucas Iglesias, Eduardo Kunz, Francisco Maldonado, Guillermo Monachesi, Omar Nu\u00f1ez.<\/p>\n<p>ALTOS\/MEZZOS: Malena Arethy Segovia Carrizo, Mar\u00eda Laura Bastos, Florencia Di Pascuale, Eliana Fernandez, Elsa Heckmann, Mar\u00eda Cristina Makovec, Gabriela Monteira, Lidia Silva, Vanina Parinelli, Mariana Ramirez, Alina Ruiz Cheylat, Mayra Valenzuela, Ana Mar\u00eda Valls.<\/p>\n<p>BAJOS\/BARITONOS: Fabrizio Bravo Martinez, Angel Rub\u00e9n Cortez, Maximiliano Morales, Jose Luis Savanco, Mat\u00edas Tuli\u00e1n.<\/p>\n<p>&nbsp;<\/p>\n<p><strong>Ensamble Vocal de IUPA Coral<\/strong><\/p>\n<p>Integrantes: Mariano Castillo, Mauro G\u00f3mez Casal, Ariel Silvestre, Selene Stenta, Juli\u00e1n Mancini, Naiomi Carriqueo, Laura Davico, Julieta Namuz<\/p>\n<p>Direcci\u00f3n: Andr\u00e9s Garc\u00eda Albarido<\/p>\n<p>&nbsp;<\/p>\n<p><strong>Cuatro Quintos<\/strong><\/p>\n<p>Integrantes: Israel Matamala, Carina Vega, Eduardo Ezequiel Kunz, Victoria Ghiselli<\/p>\n<p>Direcci\u00f3n: Manuela Saralegui<\/p>\n<p>&nbsp;<\/p>\n<p>SESTINA<\/p>\n<p>&#8211; Lagrime d\u00b4amante al sepolcro dell amata | Claudio Monteverdi, Scipione Agneli<\/p>\n<p>&nbsp;<\/p>\n<p><strong>Coro Cantat\u00f3mico del Instituto Balseiro<\/strong><\/p>\n<p>El Coro Cantat\u00f3mico se define as\u00ed mismo como una agrupaci\u00f3n vocal de esp\u00edritu inquieto. Nace como crecimiento de una experiencia de Taller Coral propuesta por la secretar\u00eda de extensi\u00f3n del Instituto Balseiro, siendo en principio una propuesta para estudiantes de la Instituci\u00f3n que luego se ampli\u00f3 a la comunidad en general.<\/p>\n<p>Desde sus comienzos coordina el espacio Valeria Giraudo.<\/p>\n<p>&nbsp;<\/p>\n<p>&#8211; El card\u00f3n | Versi\u00f3n Coral: Mario Esteban<\/p>\n<p>&#8211; And so it goes | Billy Joel<\/p>\n<p>&#8211; Lata d&#8217;agua | Luis Antonio\/Jota Junior V.: Marcos Leite<\/p>\n<p>&#8211; El necio | Silvio Rodriguez. V.c: Federico L\u00f3pez Gaviola<\/p>\n<p>&#8211; Inconsciente colectivo | Charly Garc\u00eda<\/p>\n<p>&nbsp;<\/p>\n<p>El concierto finaliza con la interpretaci\u00f3n de:<\/p>\n<p>&#8211; Por que cantamos | Texto: Mario Benedetti. M\u00fasica: Alberto Favero. Arreglo: Liliana Cangiano<\/p>\n<p>&#8211;\u00a0 Tres cantos nativos dos Indios Krao | Arreglo: Marcos Leite<\/p>\n<p>&#8211; Lev\u00e1ntate hombre flojo | Curanto. Vc: Rodrigo Dalziel<\/p>\n<p>&nbsp;<\/p>\n<p><img decoding=\"async\" src=\"http:\/\/extension.uncoma.edu.ar\/wp-content\/uploads\/2023\/11\/Afiche-encuentros-corales-Nov_Mesa-de-trabajo-1-400x566.jpg\" alt=\"\" width=\"400\" height=\"566\" class=\"alignnone wp-image-4387 size-fusion-400\" srcset=\"https:\/\/extension.uncoma.edu.ar\/wp-content\/uploads\/2023\/11\/Afiche-encuentros-corales-Nov_Mesa-de-trabajo-1-200x283.jpg 200w, https:\/\/extension.uncoma.edu.ar\/wp-content\/uploads\/2023\/11\/Afiche-encuentros-corales-Nov_Mesa-de-trabajo-1-212x300.jpg 212w, https:\/\/extension.uncoma.edu.ar\/wp-content\/uploads\/2023\/11\/Afiche-encuentros-corales-Nov_Mesa-de-trabajo-1-400x566.jpg 400w, https:\/\/extension.uncoma.edu.ar\/wp-content\/uploads\/2023\/11\/Afiche-encuentros-corales-Nov_Mesa-de-trabajo-1-600x848.jpg 600w, https:\/\/extension.uncoma.edu.ar\/wp-content\/uploads\/2023\/11\/Afiche-encuentros-corales-Nov_Mesa-de-trabajo-1-724x1024.jpg 724w, https:\/\/extension.uncoma.edu.ar\/wp-content\/uploads\/2023\/11\/Afiche-encuentros-corales-Nov_Mesa-de-trabajo-1-768x1086.jpg 768w, https:\/\/extension.uncoma.edu.ar\/wp-content\/uploads\/2023\/11\/Afiche-encuentros-corales-Nov_Mesa-de-trabajo-1-800x1131.jpg 800w, https:\/\/extension.uncoma.edu.ar\/wp-content\/uploads\/2023\/11\/Afiche-encuentros-corales-Nov_Mesa-de-trabajo-1-1086x1536.jpg 1086w, https:\/\/extension.uncoma.edu.ar\/wp-content\/uploads\/2023\/11\/Afiche-encuentros-corales-Nov_Mesa-de-trabajo-1-1200x1697.jpg 1200w, https:\/\/extension.uncoma.edu.ar\/wp-content\/uploads\/2023\/11\/Afiche-encuentros-corales-Nov_Mesa-de-trabajo-1-1448x2048.jpg 1448w, https:\/\/extension.uncoma.edu.ar\/wp-content\/uploads\/2023\/11\/Afiche-encuentros-corales-Nov_Mesa-de-trabajo-1-scaled.jpg 1810w\" sizes=\"(max-width: 400px) 100vw, 400px\" \/><\/p>\n","protected":false},"excerpt":{"rendered":"<p>El Dpto. de Cultura y el Coro Universitario invitan al  [&#8230;]<\/p>\n","protected":false},"author":9,"featured_media":4356,"comment_status":"open","ping_status":"open","sticky":false,"template":"","format":"standard","meta":{"_acf_changed":false,"footnotes":""},"categories":[130,118,120],"tags":[],"class_list":["post-4386","post","type-post","status-publish","format-standard","has-post-thumbnail","hentry","category-aula-magna","category-cultura","category-prensa"],"acf":[],"_links":{"self":[{"href":"https:\/\/extension.uncoma.edu.ar\/index.php\/wp-json\/wp\/v2\/posts\/4386","targetHints":{"allow":["GET"]}}],"collection":[{"href":"https:\/\/extension.uncoma.edu.ar\/index.php\/wp-json\/wp\/v2\/posts"}],"about":[{"href":"https:\/\/extension.uncoma.edu.ar\/index.php\/wp-json\/wp\/v2\/types\/post"}],"author":[{"embeddable":true,"href":"https:\/\/extension.uncoma.edu.ar\/index.php\/wp-json\/wp\/v2\/users\/9"}],"replies":[{"embeddable":true,"href":"https:\/\/extension.uncoma.edu.ar\/index.php\/wp-json\/wp\/v2\/comments?post=4386"}],"version-history":[{"count":1,"href":"https:\/\/extension.uncoma.edu.ar\/index.php\/wp-json\/wp\/v2\/posts\/4386\/revisions"}],"predecessor-version":[{"id":4388,"href":"https:\/\/extension.uncoma.edu.ar\/index.php\/wp-json\/wp\/v2\/posts\/4386\/revisions\/4388"}],"wp:featuredmedia":[{"embeddable":true,"href":"https:\/\/extension.uncoma.edu.ar\/index.php\/wp-json\/wp\/v2\/media\/4356"}],"wp:attachment":[{"href":"https:\/\/extension.uncoma.edu.ar\/index.php\/wp-json\/wp\/v2\/media?parent=4386"}],"wp:term":[{"taxonomy":"category","embeddable":true,"href":"https:\/\/extension.uncoma.edu.ar\/index.php\/wp-json\/wp\/v2\/categories?post=4386"},{"taxonomy":"post_tag","embeddable":true,"href":"https:\/\/extension.uncoma.edu.ar\/index.php\/wp-json\/wp\/v2\/tags?post=4386"}],"curies":[{"name":"wp","href":"https:\/\/api.w.org\/{rel}","templated":true}]}}