{"id":4346,"date":"2023-10-26T11:09:40","date_gmt":"2023-10-26T14:09:40","guid":{"rendered":"https:\/\/extension.uncoma.edu.ar\/?p=4346"},"modified":"2023-10-26T11:09:40","modified_gmt":"2023-10-26T14:09:40","slug":"inauguran-la-casa-de-leticia","status":"publish","type":"post","link":"https:\/\/extension.uncoma.edu.ar\/index.php\/consejo-de-extension\/inauguran-la-casa-de-leticia\/","title":{"rendered":"Inauguran La Casa de Leticia"},"content":{"rendered":"<p>El pr\u00f3ximo lunes 30 de octubre se inaugurar\u00e1 la residencia universitaria \u00abLa Casa de Leticia\u00bb. El acto se realizar\u00e1 a partir de las 18.30 hs. en la casa de la familia Labrune, ubicada en Villegas 775 de la ciudad de Cipolletti, Rio Negro.<\/p>\n<p>Se trata de la casa en la que vivi\u00f3 la familia Labrune y Leticia Veraldi, secuestrada a los 17 a\u00f1os y desaparecida desde 1977. Fue acondicionada como residencia universitaria y donada por Noem\u00ed Labrune a la Universidad Nacional del Comahue con el fin de impulsar la defensa de la salud p\u00fablica y su relaci\u00f3n con el cuidado ambiental. La casa aloja a estudiantes de la Facultad de Medicina y es autosustentable.<\/p>\n<p>En la ocasi\u00f3n se presentar\u00e1 el Programa La Casa de Leticia, se proyectar\u00e1 el corto \u00abLa carta de Leticia\u00bb con la presencia de Irene Blei, su realizadora y el cierre estar\u00e1 a cargo de Celia Eymann.<\/p>\n<p>La inauguraci\u00f3n es impulsada por la Universidad Nacional del Comahue, la Coordinadora de Centros de Estudiantes Secundarios, APDH de Neuqu\u00e9n, la Familia Labrune, Red por la Identidad nodo Cipolletti y J\u00f3venes por la Memoria.<\/p>\n<p>&nbsp;<\/p>\n<p><img decoding=\"async\" src=\"http:\/\/extension.uncoma.edu.ar\/wp-content\/uploads\/2023\/10\/Volante-Inauguracion-Casa-de-Leticia_Mesa-de-trabajo-1_Mesa-de-trabajo-1-400x566.jpg\" alt=\"\" width=\"400\" height=\"566\" class=\"alignnone wp-image-4348 size-fusion-400\" srcset=\"https:\/\/extension.uncoma.edu.ar\/wp-content\/uploads\/2023\/10\/Volante-Inauguracion-Casa-de-Leticia_Mesa-de-trabajo-1_Mesa-de-trabajo-1-200x283.jpg 200w, https:\/\/extension.uncoma.edu.ar\/wp-content\/uploads\/2023\/10\/Volante-Inauguracion-Casa-de-Leticia_Mesa-de-trabajo-1_Mesa-de-trabajo-1-212x300.jpg 212w, https:\/\/extension.uncoma.edu.ar\/wp-content\/uploads\/2023\/10\/Volante-Inauguracion-Casa-de-Leticia_Mesa-de-trabajo-1_Mesa-de-trabajo-1-400x566.jpg 400w, https:\/\/extension.uncoma.edu.ar\/wp-content\/uploads\/2023\/10\/Volante-Inauguracion-Casa-de-Leticia_Mesa-de-trabajo-1_Mesa-de-trabajo-1-600x848.jpg 600w, https:\/\/extension.uncoma.edu.ar\/wp-content\/uploads\/2023\/10\/Volante-Inauguracion-Casa-de-Leticia_Mesa-de-trabajo-1_Mesa-de-trabajo-1-724x1024.jpg 724w, https:\/\/extension.uncoma.edu.ar\/wp-content\/uploads\/2023\/10\/Volante-Inauguracion-Casa-de-Leticia_Mesa-de-trabajo-1_Mesa-de-trabajo-1-768x1086.jpg 768w, https:\/\/extension.uncoma.edu.ar\/wp-content\/uploads\/2023\/10\/Volante-Inauguracion-Casa-de-Leticia_Mesa-de-trabajo-1_Mesa-de-trabajo-1-800x1131.jpg 800w, https:\/\/extension.uncoma.edu.ar\/wp-content\/uploads\/2023\/10\/Volante-Inauguracion-Casa-de-Leticia_Mesa-de-trabajo-1_Mesa-de-trabajo-1-1086x1536.jpg 1086w, https:\/\/extension.uncoma.edu.ar\/wp-content\/uploads\/2023\/10\/Volante-Inauguracion-Casa-de-Leticia_Mesa-de-trabajo-1_Mesa-de-trabajo-1-1200x1697.jpg 1200w, https:\/\/extension.uncoma.edu.ar\/wp-content\/uploads\/2023\/10\/Volante-Inauguracion-Casa-de-Leticia_Mesa-de-trabajo-1_Mesa-de-trabajo-1-1448x2048.jpg 1448w, https:\/\/extension.uncoma.edu.ar\/wp-content\/uploads\/2023\/10\/Volante-Inauguracion-Casa-de-Leticia_Mesa-de-trabajo-1_Mesa-de-trabajo-1-scaled.jpg 1811w\" sizes=\"(max-width: 400px) 100vw, 400px\" \/><\/p>\n","protected":false},"excerpt":{"rendered":"<p>El pr\u00f3ximo lunes 30 de octubre se inaugurar\u00e1 la residencia  [&#8230;]<\/p>\n","protected":false},"author":9,"featured_media":4347,"comment_status":"open","ping_status":"open","sticky":false,"template":"","format":"standard","meta":{"_acf_changed":false,"footnotes":""},"categories":[119,120],"tags":[],"class_list":["post-4346","post","type-post","status-publish","format-standard","has-post-thumbnail","hentry","category-consejo-de-extension","category-prensa"],"acf":[],"_links":{"self":[{"href":"https:\/\/extension.uncoma.edu.ar\/index.php\/wp-json\/wp\/v2\/posts\/4346","targetHints":{"allow":["GET"]}}],"collection":[{"href":"https:\/\/extension.uncoma.edu.ar\/index.php\/wp-json\/wp\/v2\/posts"}],"about":[{"href":"https:\/\/extension.uncoma.edu.ar\/index.php\/wp-json\/wp\/v2\/types\/post"}],"author":[{"embeddable":true,"href":"https:\/\/extension.uncoma.edu.ar\/index.php\/wp-json\/wp\/v2\/users\/9"}],"replies":[{"embeddable":true,"href":"https:\/\/extension.uncoma.edu.ar\/index.php\/wp-json\/wp\/v2\/comments?post=4346"}],"version-history":[{"count":1,"href":"https:\/\/extension.uncoma.edu.ar\/index.php\/wp-json\/wp\/v2\/posts\/4346\/revisions"}],"predecessor-version":[{"id":4349,"href":"https:\/\/extension.uncoma.edu.ar\/index.php\/wp-json\/wp\/v2\/posts\/4346\/revisions\/4349"}],"wp:featuredmedia":[{"embeddable":true,"href":"https:\/\/extension.uncoma.edu.ar\/index.php\/wp-json\/wp\/v2\/media\/4347"}],"wp:attachment":[{"href":"https:\/\/extension.uncoma.edu.ar\/index.php\/wp-json\/wp\/v2\/media?parent=4346"}],"wp:term":[{"taxonomy":"category","embeddable":true,"href":"https:\/\/extension.uncoma.edu.ar\/index.php\/wp-json\/wp\/v2\/categories?post=4346"},{"taxonomy":"post_tag","embeddable":true,"href":"https:\/\/extension.uncoma.edu.ar\/index.php\/wp-json\/wp\/v2\/tags?post=4346"}],"curies":[{"name":"wp","href":"https:\/\/api.w.org\/{rel}","templated":true}]}}