{"id":4286,"date":"2023-10-05T08:58:20","date_gmt":"2023-10-05T11:58:20","guid":{"rendered":"https:\/\/extension.uncoma.edu.ar\/?p=4286"},"modified":"2023-10-04T14:03:32","modified_gmt":"2023-10-04T17:03:32","slug":"encuentros-corales-en-el-aula-magna-6","status":"publish","type":"post","link":"https:\/\/extension.uncoma.edu.ar\/index.php\/cultura\/encuentros-corales-en-el-aula-magna-6\/","title":{"rendered":"Encuentros corales en el Aula Magna"},"content":{"rendered":"<p>El Coro Universitario del Comahue y el Departamento de Cultura de la Secretar\u00eda de Extensi\u00f3n Universitaria invitan a un nuevo encuentro coral a celebrarse el pr\u00f3ximo s\u00e1bado 7 de octubre a las 20 hrs en el Aula Magna \u00abSalvador Allende\u00bb de nuestra Universidad, con entrada libre y gratuita.<\/p>\n<p>En esta ocasi\u00f3n nos visitar\u00e1 el Coro de C\u00e1mara del Instituto Universitario Patag\u00f3nico de las Artes (dir. Andr\u00e9s Garc\u00eda Albarido), agrupaci\u00f3n fundada durante el 2018 desde las c\u00e1tedras de Direcci\u00f3n Coral e Introducci\u00f3n a la Direcci\u00f3n Musical. El Coro de C\u00e1mara del IUPA se compone de estudiantes de M\u00fasica y de otras carreras del instituto y aborda un repertorio diverso: acad\u00e9mico, folcl\u00f3rico y popular. En sus 5 a\u00f1os de vida art\u00edstica se ha presentado en las ciudades de General Roca, Villa Regina y Neuqu\u00e9n. Para su segunda visita a nuestra ciudad, la agrupaci\u00f3n ha preparado m\u00fasica sacra de compositores del siglo XX (Poulenc, Nysted, Kverno, otros).<\/p>\n<p>Este primer encuentro de coros universitarios del Alto valle se organiza en el marco de la Mesa Coral Universitaria de R\u00edo Negro y Neuqu\u00e9n, una iniciativa colaborativa que busca la promoci\u00f3n del canto coral en la regi\u00f3n. Bajo este encuadre, los coros trabajar\u00e1n dos obras conjuntas -una popular y una acad\u00e9mica- a presentar al cierre del concierto, dando inicio a un intercambio que continuar\u00e1 en noviembre con nuevos eventos.<\/p>\n<p>El Coro Universitario del Comahue interpretar\u00e1:<\/p>\n<p>&#8211; Zamba de mi esperanza | Luis H. Morales &#8211; Arreglo: Eduardo Ferraudi<\/p>\n<p>&#8211; Vidala del recuerdo | Composici\u00f3n y arreglo coral: Juan Arabel<\/p>\n<p>&#8211; Piezas Sacras (1998) | Fernando Moruja<\/p>\n<p>&#8211; Lux Fulgebit | Javier Busto<\/p>\n<p>&nbsp;<\/p>\n<p>El Coro de C\u00e1mara del IUPA interpretar\u00e1:<\/p>\n<p>&#8211; Three Motets, Op.69 N\u00b02, \u2018Jubilate Deo\u2019 | Felix Mendelssohn<\/p>\n<p>&#8211; Ave Maris Stella | Trond Kverno<\/p>\n<p>&#8211; Motets pour le temps de No\u00ebl | Francis Poulenc<br \/>\n1. O magnum mysterium<br \/>\n2. Quem vidistis pastores dicite<\/p>\n<p>&#8211; Motets, Op.42 | Knut Nysted<br \/>\n1. Thus saith the Lord<br \/>\n2. Peace I leave with you<br \/>\n3. I\u00b4ll praise thee o Lord<\/p>\n<p>&nbsp;<\/p>\n<p>Para el cierre se presentaran dos obras trabajadas en conjunto -una popular y una acad\u00e9mica-,\u00a0 dando inicio a un intercambio que continuar\u00e1 en noviembre con nuevos eventos.<\/p>\n<p>&#8211; Ave verum corpus | W. A. Mozart<br \/>\nPiano: Fabrizio Bravo Martinez.<\/p>\n<p>&#8211; Chacarera de las piedras | Atahualpa Yupanqui &#8211; Arreglo: Gustavo Felice<\/p>\n<p>&nbsp;<\/p>\n<p><img decoding=\"async\" src=\"http:\/\/extension.uncoma.edu.ar\/wp-content\/uploads\/2023\/10\/Afiche-encuentros-corales-Septiembre_Mesa-de-trabajo-1-400x566.jpg\" alt=\"\" width=\"400\" height=\"566\" class=\"alignnone wp-image-4287 size-fusion-400\" srcset=\"https:\/\/extension.uncoma.edu.ar\/wp-content\/uploads\/2023\/10\/Afiche-encuentros-corales-Septiembre_Mesa-de-trabajo-1-200x283.jpg 200w, https:\/\/extension.uncoma.edu.ar\/wp-content\/uploads\/2023\/10\/Afiche-encuentros-corales-Septiembre_Mesa-de-trabajo-1-212x300.jpg 212w, https:\/\/extension.uncoma.edu.ar\/wp-content\/uploads\/2023\/10\/Afiche-encuentros-corales-Septiembre_Mesa-de-trabajo-1-400x566.jpg 400w, https:\/\/extension.uncoma.edu.ar\/wp-content\/uploads\/2023\/10\/Afiche-encuentros-corales-Septiembre_Mesa-de-trabajo-1-600x848.jpg 600w, https:\/\/extension.uncoma.edu.ar\/wp-content\/uploads\/2023\/10\/Afiche-encuentros-corales-Septiembre_Mesa-de-trabajo-1-724x1024.jpg 724w, https:\/\/extension.uncoma.edu.ar\/wp-content\/uploads\/2023\/10\/Afiche-encuentros-corales-Septiembre_Mesa-de-trabajo-1-768x1086.jpg 768w, https:\/\/extension.uncoma.edu.ar\/wp-content\/uploads\/2023\/10\/Afiche-encuentros-corales-Septiembre_Mesa-de-trabajo-1-800x1131.jpg 800w, https:\/\/extension.uncoma.edu.ar\/wp-content\/uploads\/2023\/10\/Afiche-encuentros-corales-Septiembre_Mesa-de-trabajo-1-1086x1536.jpg 1086w, https:\/\/extension.uncoma.edu.ar\/wp-content\/uploads\/2023\/10\/Afiche-encuentros-corales-Septiembre_Mesa-de-trabajo-1-1200x1697.jpg 1200w, https:\/\/extension.uncoma.edu.ar\/wp-content\/uploads\/2023\/10\/Afiche-encuentros-corales-Septiembre_Mesa-de-trabajo-1-1448x2048.jpg 1448w, https:\/\/extension.uncoma.edu.ar\/wp-content\/uploads\/2023\/10\/Afiche-encuentros-corales-Septiembre_Mesa-de-trabajo-1-scaled.jpg 1810w\" sizes=\"(max-width: 400px) 100vw, 400px\" \/><\/p>\n","protected":false},"excerpt":{"rendered":"<p>El Coro Universitario del Comahue y el Departamento de Cultura  [&#8230;]<\/p>\n","protected":false},"author":9,"featured_media":4283,"comment_status":"open","ping_status":"open","sticky":false,"template":"","format":"standard","meta":{"_acf_changed":false,"footnotes":""},"categories":[130,118,120],"tags":[],"class_list":["post-4286","post","type-post","status-publish","format-standard","has-post-thumbnail","hentry","category-aula-magna","category-cultura","category-prensa"],"acf":[],"_links":{"self":[{"href":"https:\/\/extension.uncoma.edu.ar\/index.php\/wp-json\/wp\/v2\/posts\/4286","targetHints":{"allow":["GET"]}}],"collection":[{"href":"https:\/\/extension.uncoma.edu.ar\/index.php\/wp-json\/wp\/v2\/posts"}],"about":[{"href":"https:\/\/extension.uncoma.edu.ar\/index.php\/wp-json\/wp\/v2\/types\/post"}],"author":[{"embeddable":true,"href":"https:\/\/extension.uncoma.edu.ar\/index.php\/wp-json\/wp\/v2\/users\/9"}],"replies":[{"embeddable":true,"href":"https:\/\/extension.uncoma.edu.ar\/index.php\/wp-json\/wp\/v2\/comments?post=4286"}],"version-history":[{"count":1,"href":"https:\/\/extension.uncoma.edu.ar\/index.php\/wp-json\/wp\/v2\/posts\/4286\/revisions"}],"predecessor-version":[{"id":4288,"href":"https:\/\/extension.uncoma.edu.ar\/index.php\/wp-json\/wp\/v2\/posts\/4286\/revisions\/4288"}],"wp:featuredmedia":[{"embeddable":true,"href":"https:\/\/extension.uncoma.edu.ar\/index.php\/wp-json\/wp\/v2\/media\/4283"}],"wp:attachment":[{"href":"https:\/\/extension.uncoma.edu.ar\/index.php\/wp-json\/wp\/v2\/media?parent=4286"}],"wp:term":[{"taxonomy":"category","embeddable":true,"href":"https:\/\/extension.uncoma.edu.ar\/index.php\/wp-json\/wp\/v2\/categories?post=4286"},{"taxonomy":"post_tag","embeddable":true,"href":"https:\/\/extension.uncoma.edu.ar\/index.php\/wp-json\/wp\/v2\/tags?post=4286"}],"curies":[{"name":"wp","href":"https:\/\/api.w.org\/{rel}","templated":true}]}}