{"id":4239,"date":"2023-09-25T14:43:25","date_gmt":"2023-09-25T17:43:25","guid":{"rendered":"https:\/\/extension.uncoma.edu.ar\/?p=4239"},"modified":"2023-09-25T14:43:25","modified_gmt":"2023-09-25T17:43:25","slug":"semana-del-turismo","status":"publish","type":"post","link":"https:\/\/extension.uncoma.edu.ar\/index.php\/consejo-de-extension\/semana-del-turismo\/","title":{"rendered":"Semana del Turismo"},"content":{"rendered":"<p>La Facultad de Turismo, el Ministerio de Turismo de la Provincia de Neuqu\u00e9n y la Subsecretaria de Turismo de la ciudad de Neuqu\u00e9n invitan a participar de una agenda compartida de actividades en el marco de la <strong>Semana del Turismo<\/strong>.<\/p>\n<p>Desde el lunes 25 al el viernes 29 de septiembre se ofrecer\u00e1n charlas, presenciales y virtuales, as\u00ed como actividades al aire libre que abordar\u00e1n distintas tem\u00e1ticas sobre la actividad tur\u00edstica.<\/p>\n<p>El objetivo de la agenda es fomentar el debate y la construcci\u00f3n de un turismo m\u00e1s sostenible que contribuya al desarrollo a trav\u00e9s de la formaci\u00f3n en materia tur\u00edstica y el empleo, considerando el impacto del turismo en el planeta y las oportunidades de crecer de forma m\u00e1s sostenible.<\/p>\n<p>&nbsp;<\/p>\n<p><strong>Actividades de la Semana del Turismo<\/strong><\/p>\n<p>LUNES 25\/09<\/p>\n<p>\u201dSensibilizaci\u00f3n en Diversidad, Derechos y Trato Digno\u00bb Campa\u00f1a # Turismo AMIGO, Ministerio de Turismo\u201d<br \/>\nHorario: 10 hs<br \/>\nLugar: Subsecretar\u00eda de Turismo, F\u00e9lix San Mart\u00edn 182.<\/p>\n<p><a href=\"https:\/\/forms.gle\/nnmeWjB5RQ18dQMZA\">Inscripci\u00f3n a la charla<\/a><\/p>\n<p>&nbsp;<\/p>\n<p>\u00abLas Estad\u00edsticas en la Gesti\u00f3n P\u00fablica del Turismo &#8211; Anuarios OET &#8211; Subsecretar\u00eda de Turismo de la Municipalidad de Neuqu\u00e9n\u00bb.<br \/>\nHorario: 13:30 hs<br \/>\nLugar: Auditorio Facultad de Turismo. UNCo.<\/p>\n<p>MI\u00c9RCOLES 27\/09<\/p>\n<p>\u00abJornada en el marco de la celebraci\u00f3n del D\u00eda Mundial del Turismo\u00bb<br \/>\nHorario: 10 hs<br \/>\nLugar: Pen\u00ednsula Hiroki<br \/>\nTraslados gratuitos para estudiantes<\/p>\n<p>&nbsp;<\/p>\n<p>Consultas: <a href=\"mailto:secretaria.extension@fatu-uncoma.com.ar\">secretaria.extension@fatu-uncoma.com.ar<\/a><\/p>\n<p>Para recibir la <a href=\"https:\/\/forms.gle\/PkwXgKv1cE21ZsKW6\">agenda diaria<\/a> de las actividades de la Semana del Turismo.<\/p>\n<p><img decoding=\"async\" src=\"http:\/\/extension.uncoma.edu.ar\/wp-content\/uploads\/2023\/09\/semtur-600x750.jpeg\" alt=\"\" width=\"600\" height=\"750\" class=\"alignnone wp-image-4240 size-fusion-600\" srcset=\"https:\/\/extension.uncoma.edu.ar\/wp-content\/uploads\/2023\/09\/semtur-200x250.jpeg 200w, https:\/\/extension.uncoma.edu.ar\/wp-content\/uploads\/2023\/09\/semtur-240x300.jpeg 240w, https:\/\/extension.uncoma.edu.ar\/wp-content\/uploads\/2023\/09\/semtur-400x500.jpeg 400w, https:\/\/extension.uncoma.edu.ar\/wp-content\/uploads\/2023\/09\/semtur-600x750.jpeg 600w, https:\/\/extension.uncoma.edu.ar\/wp-content\/uploads\/2023\/09\/semtur-768x960.jpeg 768w, https:\/\/extension.uncoma.edu.ar\/wp-content\/uploads\/2023\/09\/semtur-800x1000.jpeg 800w, https:\/\/extension.uncoma.edu.ar\/wp-content\/uploads\/2023\/09\/semtur-819x1024.jpeg 819w, https:\/\/extension.uncoma.edu.ar\/wp-content\/uploads\/2023\/09\/semtur.jpeg 1080w\" sizes=\"(max-width: 600px) 100vw, 600px\" \/><\/p>\n","protected":false},"excerpt":{"rendered":"<p>La Facultad de Turismo, el Ministerio de Turismo de la  [&#8230;]<\/p>\n","protected":false},"author":9,"featured_media":4240,"comment_status":"open","ping_status":"open","sticky":false,"template":"","format":"standard","meta":{"_acf_changed":false,"footnotes":""},"categories":[119,120],"tags":[],"class_list":["post-4239","post","type-post","status-publish","format-standard","has-post-thumbnail","hentry","category-consejo-de-extension","category-prensa"],"acf":[],"_links":{"self":[{"href":"https:\/\/extension.uncoma.edu.ar\/index.php\/wp-json\/wp\/v2\/posts\/4239","targetHints":{"allow":["GET"]}}],"collection":[{"href":"https:\/\/extension.uncoma.edu.ar\/index.php\/wp-json\/wp\/v2\/posts"}],"about":[{"href":"https:\/\/extension.uncoma.edu.ar\/index.php\/wp-json\/wp\/v2\/types\/post"}],"author":[{"embeddable":true,"href":"https:\/\/extension.uncoma.edu.ar\/index.php\/wp-json\/wp\/v2\/users\/9"}],"replies":[{"embeddable":true,"href":"https:\/\/extension.uncoma.edu.ar\/index.php\/wp-json\/wp\/v2\/comments?post=4239"}],"version-history":[{"count":1,"href":"https:\/\/extension.uncoma.edu.ar\/index.php\/wp-json\/wp\/v2\/posts\/4239\/revisions"}],"predecessor-version":[{"id":4241,"href":"https:\/\/extension.uncoma.edu.ar\/index.php\/wp-json\/wp\/v2\/posts\/4239\/revisions\/4241"}],"wp:featuredmedia":[{"embeddable":true,"href":"https:\/\/extension.uncoma.edu.ar\/index.php\/wp-json\/wp\/v2\/media\/4240"}],"wp:attachment":[{"href":"https:\/\/extension.uncoma.edu.ar\/index.php\/wp-json\/wp\/v2\/media?parent=4239"}],"wp:term":[{"taxonomy":"category","embeddable":true,"href":"https:\/\/extension.uncoma.edu.ar\/index.php\/wp-json\/wp\/v2\/categories?post=4239"},{"taxonomy":"post_tag","embeddable":true,"href":"https:\/\/extension.uncoma.edu.ar\/index.php\/wp-json\/wp\/v2\/tags?post=4239"}],"curies":[{"name":"wp","href":"https:\/\/api.w.org\/{rel}","templated":true}]}}