{"id":4209,"date":"2023-09-20T13:11:19","date_gmt":"2023-09-20T16:11:19","guid":{"rendered":"https:\/\/extension.uncoma.edu.ar\/?p=4209"},"modified":"2023-09-20T14:11:53","modified_gmt":"2023-09-20T17:11:53","slug":"los-hilos-de-la-memoria-en-el-aula-magna","status":"publish","type":"post","link":"https:\/\/extension.uncoma.edu.ar\/index.php\/cultura\/los-hilos-de-la-memoria-en-el-aula-magna\/","title":{"rendered":"\u00abLos hilos de la memoria\u00bb en el Aula Magna"},"content":{"rendered":"<p>La Secretar\u00eda de Extensi\u00f3n invita al Espect\u00e1culo de narraci\u00f3n oral esc\u00e9nica \u00abLos hilos de la memoria\u00bb, protagonizado por Bel\u00e9n Torras.<\/p>\n<p>Sobre textos literarios de Mar\u00eda Teresa Andruetto, Paula Bombara, Liliana Bodoc, Beatriz Doumerc, Mercedes P\u00e9rez Sabbi e Iris Rivera el mismo se llevar\u00e1 a cabo el pr\u00f3ximo s\u00e1bado 23 de setiembre a las 20.30 hs en el Aula Magna \u00abSalvador Allende\u00bb, de la sede Neuqu\u00e9n de la Universidad Nacional del Comahue.<br \/>\nLa obra pone en escena una mujer y la palabra po\u00e9tica como hilv\u00e1n de la memoria. Un recorrido sobre la noche m\u00e1s oscura de nuestra historia, contado desde una mirada ni\u00f1a.<\/p>\n<p>La obra ha obtenido numerosos premios, entre ellos \u201c40 a\u00f1os de Memoria\u201d organizado por el Ente P\u00fablico Espacio Memoria y DDHH 2017, mejor espect\u00e1culo teatral 2015 Premio Latinoamericano Hormiguita Viajera, menci\u00f3n especial Fiesta Regional de teatro Independiente 2017, y fue declarada de inter\u00e9s cultural por el HCD de Las Varillas, C\u00f3rdoba y el HCD de Villa Mercedes, San Luis.<\/p>\n<p>&nbsp;<\/p>\n<p><img decoding=\"async\" src=\"http:\/\/extension.uncoma.edu.ar\/wp-content\/uploads\/2023\/09\/Afiche-Hilos-de-la-Memoria_Mesa-de-trabajo-1-1-400x566.jpg\" alt=\"\" width=\"400\" height=\"566\" class=\"alignnone wp-image-4213 size-fusion-400\" srcset=\"https:\/\/extension.uncoma.edu.ar\/wp-content\/uploads\/2023\/09\/Afiche-Hilos-de-la-Memoria_Mesa-de-trabajo-1-1-200x283.jpg 200w, https:\/\/extension.uncoma.edu.ar\/wp-content\/uploads\/2023\/09\/Afiche-Hilos-de-la-Memoria_Mesa-de-trabajo-1-1-212x300.jpg 212w, https:\/\/extension.uncoma.edu.ar\/wp-content\/uploads\/2023\/09\/Afiche-Hilos-de-la-Memoria_Mesa-de-trabajo-1-1-400x566.jpg 400w, https:\/\/extension.uncoma.edu.ar\/wp-content\/uploads\/2023\/09\/Afiche-Hilos-de-la-Memoria_Mesa-de-trabajo-1-1-600x848.jpg 600w, https:\/\/extension.uncoma.edu.ar\/wp-content\/uploads\/2023\/09\/Afiche-Hilos-de-la-Memoria_Mesa-de-trabajo-1-1-724x1024.jpg 724w, https:\/\/extension.uncoma.edu.ar\/wp-content\/uploads\/2023\/09\/Afiche-Hilos-de-la-Memoria_Mesa-de-trabajo-1-1-768x1086.jpg 768w, https:\/\/extension.uncoma.edu.ar\/wp-content\/uploads\/2023\/09\/Afiche-Hilos-de-la-Memoria_Mesa-de-trabajo-1-1-800x1131.jpg 800w, https:\/\/extension.uncoma.edu.ar\/wp-content\/uploads\/2023\/09\/Afiche-Hilos-de-la-Memoria_Mesa-de-trabajo-1-1-1086x1536.jpg 1086w, https:\/\/extension.uncoma.edu.ar\/wp-content\/uploads\/2023\/09\/Afiche-Hilos-de-la-Memoria_Mesa-de-trabajo-1-1-1200x1697.jpg 1200w, https:\/\/extension.uncoma.edu.ar\/wp-content\/uploads\/2023\/09\/Afiche-Hilos-de-la-Memoria_Mesa-de-trabajo-1-1-1448x2048.jpg 1448w, https:\/\/extension.uncoma.edu.ar\/wp-content\/uploads\/2023\/09\/Afiche-Hilos-de-la-Memoria_Mesa-de-trabajo-1-1-scaled.jpg 1811w\" sizes=\"(max-width: 400px) 100vw, 400px\" \/><\/p>\n","protected":false},"excerpt":{"rendered":"<p>La Secretar\u00eda de Extensi\u00f3n invita al Espect\u00e1culo de narraci\u00f3n oral  [&#8230;]<\/p>\n","protected":false},"author":9,"featured_media":4215,"comment_status":"open","ping_status":"open","sticky":false,"template":"","format":"standard","meta":{"_acf_changed":false,"footnotes":""},"categories":[130,118,120],"tags":[],"class_list":["post-4209","post","type-post","status-publish","format-standard","has-post-thumbnail","hentry","category-aula-magna","category-cultura","category-prensa"],"acf":[],"_links":{"self":[{"href":"https:\/\/extension.uncoma.edu.ar\/index.php\/wp-json\/wp\/v2\/posts\/4209","targetHints":{"allow":["GET"]}}],"collection":[{"href":"https:\/\/extension.uncoma.edu.ar\/index.php\/wp-json\/wp\/v2\/posts"}],"about":[{"href":"https:\/\/extension.uncoma.edu.ar\/index.php\/wp-json\/wp\/v2\/types\/post"}],"author":[{"embeddable":true,"href":"https:\/\/extension.uncoma.edu.ar\/index.php\/wp-json\/wp\/v2\/users\/9"}],"replies":[{"embeddable":true,"href":"https:\/\/extension.uncoma.edu.ar\/index.php\/wp-json\/wp\/v2\/comments?post=4209"}],"version-history":[{"count":3,"href":"https:\/\/extension.uncoma.edu.ar\/index.php\/wp-json\/wp\/v2\/posts\/4209\/revisions"}],"predecessor-version":[{"id":4216,"href":"https:\/\/extension.uncoma.edu.ar\/index.php\/wp-json\/wp\/v2\/posts\/4209\/revisions\/4216"}],"wp:featuredmedia":[{"embeddable":true,"href":"https:\/\/extension.uncoma.edu.ar\/index.php\/wp-json\/wp\/v2\/media\/4215"}],"wp:attachment":[{"href":"https:\/\/extension.uncoma.edu.ar\/index.php\/wp-json\/wp\/v2\/media?parent=4209"}],"wp:term":[{"taxonomy":"category","embeddable":true,"href":"https:\/\/extension.uncoma.edu.ar\/index.php\/wp-json\/wp\/v2\/categories?post=4209"},{"taxonomy":"post_tag","embeddable":true,"href":"https:\/\/extension.uncoma.edu.ar\/index.php\/wp-json\/wp\/v2\/tags?post=4209"}],"curies":[{"name":"wp","href":"https:\/\/api.w.org\/{rel}","templated":true}]}}