{"id":4132,"date":"2023-08-31T13:41:49","date_gmt":"2023-08-31T16:41:49","guid":{"rendered":"https:\/\/extension.uncoma.edu.ar\/?p=4132"},"modified":"2023-08-31T13:41:49","modified_gmt":"2023-08-31T16:41:49","slug":"lorca-poeta-en-la-ciudad","status":"publish","type":"post","link":"https:\/\/extension.uncoma.edu.ar\/index.php\/cultura\/lorca-poeta-en-la-ciudad\/","title":{"rendered":"Lorca, poeta en la ciudad"},"content":{"rendered":"<p>La Secretar\u00eda de Extensi\u00f3n de la Facultad de Humanidades invita a la Clase abierta \u00abLorca, poeta en la ciudad\u00bb, que dictar\u00e1 N\u00e9stor Tkaczek el jueves 31 a partir de las 18:00 hs en el Aula H3 de la <a href=\"https:\/\/fahuweb.uncoma.edu.ar\/\">Facultad de Humanidades<\/a>. La clase constituye, al mismo tiempo, un homenaje a la figura del gran poeta granadino y la despedida de Tkaczek del ejercicio activo de la docencia.<\/p>\n<p>La actividad est\u00e1 organizada por la c\u00e1tedra de Literatura Espa\u00f1ola II de las carreras del Profesorado y la Licenciatura en Letras y en la previa a la misma conversamos con N\u00e9stor en la columna que realizamos los mi\u00e9rcoles en el programa La Banda ancha que se emite por la <a href=\"https:\/\/universidadcalf.com\/\">FM 103.7 Universidad-Calf<\/a>.<\/p>\n<p>&nbsp;<\/p>\n<audio class=\"wp-audio-shortcode\" id=\"audio-4132-1\" preload=\"none\" style=\"width: 100%;\" controls=\"controls\"><source type=\"audio\/mpeg\" src=\"http:\/\/extension.uncoma.edu.ar\/wp-content\/uploads\/2023\/08\/nestor-tkaczek-en-la-1037.mp3?_=1\" \/><a href=\"http:\/\/extension.uncoma.edu.ar\/wp-content\/uploads\/2023\/08\/nestor-tkaczek-en-la-1037.mp3\">http:\/\/extension.uncoma.edu.ar\/wp-content\/uploads\/2023\/08\/nestor-tkaczek-en-la-1037.mp3<\/a><\/audio>\n<p>&nbsp;<\/p>\n","protected":false},"excerpt":{"rendered":"<p>La Secretar\u00eda de Extensi\u00f3n de la Facultad de Humanidades invita  [&#8230;]<\/p>\n","protected":false},"author":9,"featured_media":4133,"comment_status":"open","ping_status":"open","sticky":false,"template":"","format":"standard","meta":{"_acf_changed":false,"footnotes":""},"categories":[119,118,120],"tags":[],"class_list":["post-4132","post","type-post","status-publish","format-standard","has-post-thumbnail","hentry","category-consejo-de-extension","category-cultura","category-prensa"],"acf":[],"_links":{"self":[{"href":"https:\/\/extension.uncoma.edu.ar\/index.php\/wp-json\/wp\/v2\/posts\/4132","targetHints":{"allow":["GET"]}}],"collection":[{"href":"https:\/\/extension.uncoma.edu.ar\/index.php\/wp-json\/wp\/v2\/posts"}],"about":[{"href":"https:\/\/extension.uncoma.edu.ar\/index.php\/wp-json\/wp\/v2\/types\/post"}],"author":[{"embeddable":true,"href":"https:\/\/extension.uncoma.edu.ar\/index.php\/wp-json\/wp\/v2\/users\/9"}],"replies":[{"embeddable":true,"href":"https:\/\/extension.uncoma.edu.ar\/index.php\/wp-json\/wp\/v2\/comments?post=4132"}],"version-history":[{"count":1,"href":"https:\/\/extension.uncoma.edu.ar\/index.php\/wp-json\/wp\/v2\/posts\/4132\/revisions"}],"predecessor-version":[{"id":4135,"href":"https:\/\/extension.uncoma.edu.ar\/index.php\/wp-json\/wp\/v2\/posts\/4132\/revisions\/4135"}],"wp:featuredmedia":[{"embeddable":true,"href":"https:\/\/extension.uncoma.edu.ar\/index.php\/wp-json\/wp\/v2\/media\/4133"}],"wp:attachment":[{"href":"https:\/\/extension.uncoma.edu.ar\/index.php\/wp-json\/wp\/v2\/media?parent=4132"}],"wp:term":[{"taxonomy":"category","embeddable":true,"href":"https:\/\/extension.uncoma.edu.ar\/index.php\/wp-json\/wp\/v2\/categories?post=4132"},{"taxonomy":"post_tag","embeddable":true,"href":"https:\/\/extension.uncoma.edu.ar\/index.php\/wp-json\/wp\/v2\/tags?post=4132"}],"curies":[{"name":"wp","href":"https:\/\/api.w.org\/{rel}","templated":true}]}}