{"id":3971,"date":"2023-07-03T09:26:45","date_gmt":"2023-07-03T12:26:45","guid":{"rendered":"https:\/\/extension.uncoma.edu.ar\/?p=3971"},"modified":"2023-07-03T09:26:45","modified_gmt":"2023-07-03T12:26:45","slug":"feliz-dia","status":"publish","type":"post","link":"https:\/\/extension.uncoma.edu.ar\/index.php\/prensa\/feliz-dia\/","title":{"rendered":"\u00a1Feliz d\u00eda!"},"content":{"rendered":"<p>En el d\u00eda de la fecha se celebra del D\u00eda del\/la Locutor\/a en Argentina, en celebraci\u00f3n de la creaci\u00f3n de la Sociedad Argentina de Locutores (SAL), ocurrida el 3 de julio de 1943.<\/p>\n<p>La carrera de Comunicaci\u00f3n Social de la FADECS desarrolla desde 1993 la formaci\u00f3n en Locuci\u00f3n y la Universidad cuenta con dos emisoras radiales donde trabajan locutores y locutoras: FM 103.7 Universidad-Calf y Radio Antena Libre.<\/p>\n<p>&nbsp;<\/p>\n<p><img decoding=\"async\" src=\"http:\/\/extension.uncoma.edu.ar\/wp-content\/uploads\/2023\/07\/dia-del-locutor-01-300x300.jpg\" alt=\"\" width=\"300\" height=\"300\" class=\"alignnone size-medium wp-image-3972\" srcset=\"https:\/\/extension.uncoma.edu.ar\/wp-content\/uploads\/2023\/07\/dia-del-locutor-01-66x66.jpg 66w, https:\/\/extension.uncoma.edu.ar\/wp-content\/uploads\/2023\/07\/dia-del-locutor-01-150x150.jpg 150w, https:\/\/extension.uncoma.edu.ar\/wp-content\/uploads\/2023\/07\/dia-del-locutor-01-200x200.jpg 200w, https:\/\/extension.uncoma.edu.ar\/wp-content\/uploads\/2023\/07\/dia-del-locutor-01-300x300.jpg 300w, https:\/\/extension.uncoma.edu.ar\/wp-content\/uploads\/2023\/07\/dia-del-locutor-01-400x400.jpg 400w, https:\/\/extension.uncoma.edu.ar\/wp-content\/uploads\/2023\/07\/dia-del-locutor-01-600x600.jpg 600w, https:\/\/extension.uncoma.edu.ar\/wp-content\/uploads\/2023\/07\/dia-del-locutor-01-768x768.jpg 768w, https:\/\/extension.uncoma.edu.ar\/wp-content\/uploads\/2023\/07\/dia-del-locutor-01-800x800.jpg 800w, https:\/\/extension.uncoma.edu.ar\/wp-content\/uploads\/2023\/07\/dia-del-locutor-01-1024x1024.jpg 1024w, https:\/\/extension.uncoma.edu.ar\/wp-content\/uploads\/2023\/07\/dia-del-locutor-01.jpg 1035w\" sizes=\"(max-width: 300px) 100vw, 300px\" \/><\/p>\n","protected":false},"excerpt":{"rendered":"<p>En el d\u00eda de la fecha se celebra del D\u00eda  [&#8230;]<\/p>\n","protected":false},"author":9,"featured_media":3972,"comment_status":"open","ping_status":"open","sticky":false,"template":"","format":"standard","meta":{"_acf_changed":false,"footnotes":""},"categories":[120],"tags":[],"class_list":["post-3971","post","type-post","status-publish","format-standard","has-post-thumbnail","hentry","category-prensa"],"acf":[],"_links":{"self":[{"href":"https:\/\/extension.uncoma.edu.ar\/index.php\/wp-json\/wp\/v2\/posts\/3971","targetHints":{"allow":["GET"]}}],"collection":[{"href":"https:\/\/extension.uncoma.edu.ar\/index.php\/wp-json\/wp\/v2\/posts"}],"about":[{"href":"https:\/\/extension.uncoma.edu.ar\/index.php\/wp-json\/wp\/v2\/types\/post"}],"author":[{"embeddable":true,"href":"https:\/\/extension.uncoma.edu.ar\/index.php\/wp-json\/wp\/v2\/users\/9"}],"replies":[{"embeddable":true,"href":"https:\/\/extension.uncoma.edu.ar\/index.php\/wp-json\/wp\/v2\/comments?post=3971"}],"version-history":[{"count":1,"href":"https:\/\/extension.uncoma.edu.ar\/index.php\/wp-json\/wp\/v2\/posts\/3971\/revisions"}],"predecessor-version":[{"id":3973,"href":"https:\/\/extension.uncoma.edu.ar\/index.php\/wp-json\/wp\/v2\/posts\/3971\/revisions\/3973"}],"wp:featuredmedia":[{"embeddable":true,"href":"https:\/\/extension.uncoma.edu.ar\/index.php\/wp-json\/wp\/v2\/media\/3972"}],"wp:attachment":[{"href":"https:\/\/extension.uncoma.edu.ar\/index.php\/wp-json\/wp\/v2\/media?parent=3971"}],"wp:term":[{"taxonomy":"category","embeddable":true,"href":"https:\/\/extension.uncoma.edu.ar\/index.php\/wp-json\/wp\/v2\/categories?post=3971"},{"taxonomy":"post_tag","embeddable":true,"href":"https:\/\/extension.uncoma.edu.ar\/index.php\/wp-json\/wp\/v2\/tags?post=3971"}],"curies":[{"name":"wp","href":"https:\/\/api.w.org\/{rel}","templated":true}]}}