{"id":3964,"date":"2023-07-01T08:43:36","date_gmt":"2023-07-01T11:43:36","guid":{"rendered":"https:\/\/extension.uncoma.edu.ar\/?p=3964"},"modified":"2023-06-30T14:47:12","modified_gmt":"2023-06-30T17:47:12","slug":"dia-del-historiador-y-la-historiadora","status":"publish","type":"post","link":"https:\/\/extension.uncoma.edu.ar\/index.php\/prensa\/dia-del-historiador-y-la-historiadora\/","title":{"rendered":"D\u00eda del historiador y la historiadora"},"content":{"rendered":"<p>En el d\u00eda de la fecha se celebra en Argentina el D\u00eda del historiador y la historiadora, para homenajear a \u201clos escritores, investigadores, profesores y aficionados dedicados al estudio, propalaci\u00f3n y an\u00e1lisis de los acontecimientos de car\u00e1cter hist\u00f3rico\u201d.<br \/>\nLa fecha fue establecida en el a\u00f1o 2002 por el Congreso Nacional a trav\u00e9s de la ley 25.566 y recuerda la decisi\u00f3n del Primer Triunvirato en 1812 que encargaba la escritura de la \u201chistoria filos\u00f3fica de nuestra feliz revoluci\u00f3n, para perpetuar la memoria de los h\u00e9roes y las virtudes de los hijos de la Am\u00e9rica del Sud, y a la \u00e9poca gloriosa de nuestra independencia civil\u201d.<\/p>\n<p><img decoding=\"async\" src=\"http:\/\/extension.uncoma.edu.ar\/wp-content\/uploads\/2023\/06\/efemerides-graduados-2023-22-400x400.jpg\" alt=\"\" width=\"400\" height=\"400\" class=\"alignnone wp-image-3965 size-fusion-400\" srcset=\"https:\/\/extension.uncoma.edu.ar\/wp-content\/uploads\/2023\/06\/efemerides-graduados-2023-22-66x66.jpg 66w, https:\/\/extension.uncoma.edu.ar\/wp-content\/uploads\/2023\/06\/efemerides-graduados-2023-22-150x150.jpg 150w, https:\/\/extension.uncoma.edu.ar\/wp-content\/uploads\/2023\/06\/efemerides-graduados-2023-22-200x200.jpg 200w, https:\/\/extension.uncoma.edu.ar\/wp-content\/uploads\/2023\/06\/efemerides-graduados-2023-22-300x300.jpg 300w, https:\/\/extension.uncoma.edu.ar\/wp-content\/uploads\/2023\/06\/efemerides-graduados-2023-22-400x400.jpg 400w, https:\/\/extension.uncoma.edu.ar\/wp-content\/uploads\/2023\/06\/efemerides-graduados-2023-22.jpg 497w\" sizes=\"(max-width: 400px) 100vw, 400px\" \/><\/p>\n","protected":false},"excerpt":{"rendered":"<p>En el d\u00eda de la fecha se celebra en Argentina  [&#8230;]<\/p>\n","protected":false},"author":9,"featured_media":3965,"comment_status":"open","ping_status":"open","sticky":false,"template":"","format":"standard","meta":{"_acf_changed":false,"footnotes":""},"categories":[122,120],"tags":[],"class_list":["post-3964","post","type-post","status-publish","format-standard","has-post-thumbnail","hentry","category-observatorio-de-graduados","category-prensa"],"acf":[],"_links":{"self":[{"href":"https:\/\/extension.uncoma.edu.ar\/index.php\/wp-json\/wp\/v2\/posts\/3964","targetHints":{"allow":["GET"]}}],"collection":[{"href":"https:\/\/extension.uncoma.edu.ar\/index.php\/wp-json\/wp\/v2\/posts"}],"about":[{"href":"https:\/\/extension.uncoma.edu.ar\/index.php\/wp-json\/wp\/v2\/types\/post"}],"author":[{"embeddable":true,"href":"https:\/\/extension.uncoma.edu.ar\/index.php\/wp-json\/wp\/v2\/users\/9"}],"replies":[{"embeddable":true,"href":"https:\/\/extension.uncoma.edu.ar\/index.php\/wp-json\/wp\/v2\/comments?post=3964"}],"version-history":[{"count":1,"href":"https:\/\/extension.uncoma.edu.ar\/index.php\/wp-json\/wp\/v2\/posts\/3964\/revisions"}],"predecessor-version":[{"id":3966,"href":"https:\/\/extension.uncoma.edu.ar\/index.php\/wp-json\/wp\/v2\/posts\/3964\/revisions\/3966"}],"wp:featuredmedia":[{"embeddable":true,"href":"https:\/\/extension.uncoma.edu.ar\/index.php\/wp-json\/wp\/v2\/media\/3965"}],"wp:attachment":[{"href":"https:\/\/extension.uncoma.edu.ar\/index.php\/wp-json\/wp\/v2\/media?parent=3964"}],"wp:term":[{"taxonomy":"category","embeddable":true,"href":"https:\/\/extension.uncoma.edu.ar\/index.php\/wp-json\/wp\/v2\/categories?post=3964"},{"taxonomy":"post_tag","embeddable":true,"href":"https:\/\/extension.uncoma.edu.ar\/index.php\/wp-json\/wp\/v2\/tags?post=3964"}],"curies":[{"name":"wp","href":"https:\/\/api.w.org\/{rel}","templated":true}]}}