{"id":3952,"date":"2023-06-29T09:44:24","date_gmt":"2023-06-29T12:44:24","guid":{"rendered":"https:\/\/extension.uncoma.edu.ar\/?p=3952"},"modified":"2023-06-29T09:44:24","modified_gmt":"2023-06-29T12:44:24","slug":"encuentros-corales-en-el-aula-magna-3","status":"publish","type":"post","link":"https:\/\/extension.uncoma.edu.ar\/index.php\/cultura\/encuentros-corales-en-el-aula-magna-3\/","title":{"rendered":"Encuentros corales en el Aula Magna"},"content":{"rendered":"<p>Este s\u00e1bado 1 de julio a las 19.30 hs se realizar\u00e1 la segunda fecha del ciclo de Encuentros Corales en el Aula Magna, organizado por el Coro Universitario del Comahue, el Departamento de Cultura y la Secretar\u00eda de Extensi\u00f3n de la Universidad Nacional del Comahue.<\/p>\n<p>En esta oportunidad el Coro Universitario recibir\u00e1 al Vocal del Roc\u00edo y al Vocal Caleuche de San Martin de los Andes, dirigidos por Marcelo Pi\u00f1eiro.<\/p>\n<p>La <strong>entrada es libre y gratuita<\/strong> y en esta oportunidad el Coro de la Universidad Nacional del Comahue interpretar\u00e1:<\/p>\n<ul>\n<li>\u00a0 Piezas Sacras | Fernando Moruja<br \/>\nI \u2013 Ave Mar\u00eda<br \/>\nIII \u2013 O bone Jesu<br \/>\nIV \u2013 Lux aeterna<\/li>\n<\/ul>\n<ul>\n<li>\u00a0 Lux Fulgebit | Javier Busto<\/li>\n<li>\u00a0 Zamba de mi esperanza |\u00a0 Luis H. Morales \u2013 Arreglo: Eduardo Ferraudi<\/li>\n<li>Chacarera de las piedras\u00a0 | Atahualpa Yupanqui \u2013 Arreglo: Gustavo Felice<\/li>\n<\/ul>\n<p>Por su parte, las agrupaciones vocales invitadas interpretar\u00e1n:<\/p>\n<ul>\n<li>El Surco (Chabuca Granda)<\/li>\n<li>Canci\u00f3n de cuna costera (Rub\u00e9n M. Mart\u00ednez Sol\u00eds, conocido art\u00edsticamente como Linares<br \/>\nCardozo)<\/li>\n<li>Ca\u00f1averal (Carlos Guastavino)<\/li>\n<li>Crece desde el pi\u00e9 (Alfredo Zitarrosa)<\/li>\n<li>Puel Puel (Marcelo Berbel)<\/li>\n<li>Vidala del nombrador (Jaime D\u00e1valos y Eduardo Fal\u00fa)<\/li>\n<li>Canci\u00f3n por violeta (Bernardo Palombo y Dami\u00e1n Sanchez)<\/li>\n<li>Carnavalito del duende (Cuchi Leguizam\u00f3n)<\/li>\n<\/ul>\n<p>&nbsp;<\/p>\n<ul>\n<li><img decoding=\"async\" src=\"http:\/\/extension.uncoma.edu.ar\/wp-content\/uploads\/2023\/06\/Afiche-Coro-Julio_Mesa-de-trabajo-1-400x566.jpg\" alt=\"\" width=\"400\" height=\"566\" class=\"alignnone wp-image-3954 size-fusion-400\" srcset=\"https:\/\/extension.uncoma.edu.ar\/wp-content\/uploads\/2023\/06\/Afiche-Coro-Julio_Mesa-de-trabajo-1-200x283.jpg 200w, https:\/\/extension.uncoma.edu.ar\/wp-content\/uploads\/2023\/06\/Afiche-Coro-Julio_Mesa-de-trabajo-1-212x300.jpg 212w, https:\/\/extension.uncoma.edu.ar\/wp-content\/uploads\/2023\/06\/Afiche-Coro-Julio_Mesa-de-trabajo-1-400x566.jpg 400w, https:\/\/extension.uncoma.edu.ar\/wp-content\/uploads\/2023\/06\/Afiche-Coro-Julio_Mesa-de-trabajo-1-600x848.jpg 600w, https:\/\/extension.uncoma.edu.ar\/wp-content\/uploads\/2023\/06\/Afiche-Coro-Julio_Mesa-de-trabajo-1-724x1024.jpg 724w, https:\/\/extension.uncoma.edu.ar\/wp-content\/uploads\/2023\/06\/Afiche-Coro-Julio_Mesa-de-trabajo-1-768x1086.jpg 768w, https:\/\/extension.uncoma.edu.ar\/wp-content\/uploads\/2023\/06\/Afiche-Coro-Julio_Mesa-de-trabajo-1-800x1131.jpg 800w, https:\/\/extension.uncoma.edu.ar\/wp-content\/uploads\/2023\/06\/Afiche-Coro-Julio_Mesa-de-trabajo-1-1086x1536.jpg 1086w, https:\/\/extension.uncoma.edu.ar\/wp-content\/uploads\/2023\/06\/Afiche-Coro-Julio_Mesa-de-trabajo-1-1200x1697.jpg 1200w, https:\/\/extension.uncoma.edu.ar\/wp-content\/uploads\/2023\/06\/Afiche-Coro-Julio_Mesa-de-trabajo-1-1448x2048.jpg 1448w, https:\/\/extension.uncoma.edu.ar\/wp-content\/uploads\/2023\/06\/Afiche-Coro-Julio_Mesa-de-trabajo-1-scaled.jpg 1810w\" sizes=\"(max-width: 400px) 100vw, 400px\" \/><\/li>\n<\/ul>\n","protected":false},"excerpt":{"rendered":"<p>Este s\u00e1bado 1 de julio a las 19.30 hs se  [&#8230;]<\/p>\n","protected":false},"author":9,"featured_media":3953,"comment_status":"open","ping_status":"open","sticky":false,"template":"","format":"standard","meta":{"_acf_changed":false,"footnotes":""},"categories":[118,120],"tags":[],"class_list":["post-3952","post","type-post","status-publish","format-standard","has-post-thumbnail","hentry","category-cultura","category-prensa"],"acf":[],"_links":{"self":[{"href":"https:\/\/extension.uncoma.edu.ar\/index.php\/wp-json\/wp\/v2\/posts\/3952","targetHints":{"allow":["GET"]}}],"collection":[{"href":"https:\/\/extension.uncoma.edu.ar\/index.php\/wp-json\/wp\/v2\/posts"}],"about":[{"href":"https:\/\/extension.uncoma.edu.ar\/index.php\/wp-json\/wp\/v2\/types\/post"}],"author":[{"embeddable":true,"href":"https:\/\/extension.uncoma.edu.ar\/index.php\/wp-json\/wp\/v2\/users\/9"}],"replies":[{"embeddable":true,"href":"https:\/\/extension.uncoma.edu.ar\/index.php\/wp-json\/wp\/v2\/comments?post=3952"}],"version-history":[{"count":1,"href":"https:\/\/extension.uncoma.edu.ar\/index.php\/wp-json\/wp\/v2\/posts\/3952\/revisions"}],"predecessor-version":[{"id":3955,"href":"https:\/\/extension.uncoma.edu.ar\/index.php\/wp-json\/wp\/v2\/posts\/3952\/revisions\/3955"}],"wp:featuredmedia":[{"embeddable":true,"href":"https:\/\/extension.uncoma.edu.ar\/index.php\/wp-json\/wp\/v2\/media\/3953"}],"wp:attachment":[{"href":"https:\/\/extension.uncoma.edu.ar\/index.php\/wp-json\/wp\/v2\/media?parent=3952"}],"wp:term":[{"taxonomy":"category","embeddable":true,"href":"https:\/\/extension.uncoma.edu.ar\/index.php\/wp-json\/wp\/v2\/categories?post=3952"},{"taxonomy":"post_tag","embeddable":true,"href":"https:\/\/extension.uncoma.edu.ar\/index.php\/wp-json\/wp\/v2\/tags?post=3952"}],"curies":[{"name":"wp","href":"https:\/\/api.w.org\/{rel}","templated":true}]}}