{"id":3898,"date":"2023-06-09T09:49:54","date_gmt":"2023-06-09T12:49:54","guid":{"rendered":"https:\/\/extension.uncoma.edu.ar\/?p=3898"},"modified":"2023-06-09T09:49:54","modified_gmt":"2023-06-09T12:49:54","slug":"convocatoria-2023-proyectos-de-extension-universitaria","status":"publish","type":"post","link":"https:\/\/extension.uncoma.edu.ar\/index.php\/consejo-de-extension\/convocatoria-2023-proyectos-de-extension-universitaria\/","title":{"rendered":"Convocatoria 2023 Proyectos de Extensi\u00f3n Universitaria"},"content":{"rendered":"<p>La Secretar\u00eda de Extensi\u00f3n abre la Convocatoria Ordinaria a presentar propuestas de <strong>Proyectos de Extensi\u00f3n<\/strong> para implementarse y ejecutarse a partir del corriente a\u00f1o 2023 en cada Unidad Acad\u00e9mica, Centro Regional y Asentamiento Universitario. De esta manera, no s\u00f3lo tiene en cuenta a todas y cada una de las facultades que componen la Universidad Nacional del Comahue en un esp\u00edritu de federalismo regional, sino que adem\u00e1s se establece un mismo punto de partida presupuestario para cada proyecto y se tiende a relacionar a la universidad en cada rinc\u00f3n de la regi\u00f3n con su(s) comunidad(es).<br \/>\nLas propuestas de proyectos de extensi\u00f3n deber\u00e1n involucrar a todos los claustros de la comunidad universitaria, fortalecer el di\u00e1logo interdisciplinar, y convocar a contrapartes organizacionales e institucionales para realizar propuestas tendientes a generar respuestas a los problemas sociales, socioproductivos, ambientales, culturales, entre otros, tanto locales como regionales.<\/p>\n<p><strong>Ejes Tem\u00e1ticos<\/strong><br \/>\n<strong>Derechos Humanos<\/strong>: Memoria; Poblaciones migrantes; Vulnerabilidades; Derechos de las infancias, Derechos de los trabajadores, Derechos de las juventudes, Derechos de la vejez, Derechos de la salud; Discriminaci\u00f3n; Derecho a la conectividad; Derechos econ\u00f3micos, culturales y socioambientales; Educaci\u00f3n e inclusi\u00f3n social; Salud colectiva y promoci\u00f3n de la salud; Promoci\u00f3n de educaci\u00f3n nutritiva; responsabilidad social empresarial; Soberan\u00eda alimentaria y energ\u00e9tica.<br \/>\n<strong>Ambiente<\/strong>: Educaci\u00f3n ambiental; Salud y ambiente; Cambio lim\u00e1tico; Turismo sustentable; Patrimonio cultural y natural; Contaminaci\u00f3n; Explotaci\u00f3n de hidrocarburos; Energ\u00edas; Residuos s\u00f3lidos y urbanos; Producci\u00f3n agroecol\u00f3gica y agrosustentable; Biodiversidad y recursos naturales; Aportes de epistemes originarias y otras.<br \/>\n<strong>G\u00e9nero y Diversidad<\/strong>: Educaci\u00f3n Sexual Integral; Feminismos; Cuidado y accesos de personas Trans-travesti y No binaries; Identidades, Sexualidades, y disidencias sexogen\u00e9ricas; Violencias.<br \/>\n<strong>Territorios, Culturas e Interculturalidad<\/strong>: Cultura comunitaria; Promoci\u00f3n de lectura \/ Formaci\u00f3n de lectores; Alfabetizaci\u00f3n en diferentes lenguajes; Teatro y Dramaturgia; M\u00fasica popular; Educaci\u00f3n Art\u00edstica; Programas art\u00edstico-culturales; Pueblos Originarios; Pedagog\u00eda de las diferencias; Ordenamiento Territorial; Pr\u00e1cticas socio comunitarias en territorio; Desarrollos regionales socio productivos; procesos colectivos y\/o comunitarios.<br \/>\nAdem\u00e1s, se propone como Eje Transversal abordar y problematizar los 40 A\u00f1os de Democracia.<\/p>\n<p><a href=\"http:\/\/extension.uncoma.edu.ar\/wp-content\/uploads\/2023\/06\/Convocatoria-ordinaria-2023-2.pdf\">Bases de la convocatoria ordinaria 2023<\/a><\/p>\n<p>Para mayor informaci\u00f3n y consultas hay que dirigirse a las secretar\u00edas de Extensi\u00f3n de cada unidad acad\u00e9mica, centro regional o sede de la Universidad Nacional del Comahue.<\/p>\n<p>&nbsp;<\/p>\n<p><img decoding=\"async\" src=\"http:\/\/extension.uncoma.edu.ar\/wp-content\/uploads\/2023\/06\/Flyer-convocatoria-ordinaria-2023_Mesa-de-trabajo-1-400x566.jpg\" alt=\"\" width=\"400\" height=\"566\" class=\"alignnone wp-image-3900 size-fusion-400\" srcset=\"https:\/\/extension.uncoma.edu.ar\/wp-content\/uploads\/2023\/06\/Flyer-convocatoria-ordinaria-2023_Mesa-de-trabajo-1-200x283.jpg 200w, https:\/\/extension.uncoma.edu.ar\/wp-content\/uploads\/2023\/06\/Flyer-convocatoria-ordinaria-2023_Mesa-de-trabajo-1-212x300.jpg 212w, https:\/\/extension.uncoma.edu.ar\/wp-content\/uploads\/2023\/06\/Flyer-convocatoria-ordinaria-2023_Mesa-de-trabajo-1-400x566.jpg 400w, https:\/\/extension.uncoma.edu.ar\/wp-content\/uploads\/2023\/06\/Flyer-convocatoria-ordinaria-2023_Mesa-de-trabajo-1-600x848.jpg 600w, https:\/\/extension.uncoma.edu.ar\/wp-content\/uploads\/2023\/06\/Flyer-convocatoria-ordinaria-2023_Mesa-de-trabajo-1-724x1024.jpg 724w, https:\/\/extension.uncoma.edu.ar\/wp-content\/uploads\/2023\/06\/Flyer-convocatoria-ordinaria-2023_Mesa-de-trabajo-1-768x1086.jpg 768w, https:\/\/extension.uncoma.edu.ar\/wp-content\/uploads\/2023\/06\/Flyer-convocatoria-ordinaria-2023_Mesa-de-trabajo-1-800x1131.jpg 800w, https:\/\/extension.uncoma.edu.ar\/wp-content\/uploads\/2023\/06\/Flyer-convocatoria-ordinaria-2023_Mesa-de-trabajo-1-1086x1536.jpg 1086w, https:\/\/extension.uncoma.edu.ar\/wp-content\/uploads\/2023\/06\/Flyer-convocatoria-ordinaria-2023_Mesa-de-trabajo-1-1200x1697.jpg 1200w, https:\/\/extension.uncoma.edu.ar\/wp-content\/uploads\/2023\/06\/Flyer-convocatoria-ordinaria-2023_Mesa-de-trabajo-1-1448x2048.jpg 1448w, https:\/\/extension.uncoma.edu.ar\/wp-content\/uploads\/2023\/06\/Flyer-convocatoria-ordinaria-2023_Mesa-de-trabajo-1-scaled.jpg 1811w\" sizes=\"(max-width: 400px) 100vw, 400px\" \/><\/p>\n","protected":false},"excerpt":{"rendered":"<p>La Secretar\u00eda de Extensi\u00f3n abre la Convocatoria Ordinaria a presentar  [&#8230;]<\/p>\n","protected":false},"author":9,"featured_media":0,"comment_status":"open","ping_status":"open","sticky":false,"template":"","format":"standard","meta":{"_acf_changed":false,"footnotes":""},"categories":[119,120],"tags":[],"class_list":["post-3898","post","type-post","status-publish","format-standard","hentry","category-consejo-de-extension","category-prensa"],"acf":[],"_links":{"self":[{"href":"https:\/\/extension.uncoma.edu.ar\/index.php\/wp-json\/wp\/v2\/posts\/3898","targetHints":{"allow":["GET"]}}],"collection":[{"href":"https:\/\/extension.uncoma.edu.ar\/index.php\/wp-json\/wp\/v2\/posts"}],"about":[{"href":"https:\/\/extension.uncoma.edu.ar\/index.php\/wp-json\/wp\/v2\/types\/post"}],"author":[{"embeddable":true,"href":"https:\/\/extension.uncoma.edu.ar\/index.php\/wp-json\/wp\/v2\/users\/9"}],"replies":[{"embeddable":true,"href":"https:\/\/extension.uncoma.edu.ar\/index.php\/wp-json\/wp\/v2\/comments?post=3898"}],"version-history":[{"count":1,"href":"https:\/\/extension.uncoma.edu.ar\/index.php\/wp-json\/wp\/v2\/posts\/3898\/revisions"}],"predecessor-version":[{"id":3901,"href":"https:\/\/extension.uncoma.edu.ar\/index.php\/wp-json\/wp\/v2\/posts\/3898\/revisions\/3901"}],"wp:attachment":[{"href":"https:\/\/extension.uncoma.edu.ar\/index.php\/wp-json\/wp\/v2\/media?parent=3898"}],"wp:term":[{"taxonomy":"category","embeddable":true,"href":"https:\/\/extension.uncoma.edu.ar\/index.php\/wp-json\/wp\/v2\/categories?post=3898"},{"taxonomy":"post_tag","embeddable":true,"href":"https:\/\/extension.uncoma.edu.ar\/index.php\/wp-json\/wp\/v2\/tags?post=3898"}],"curies":[{"name":"wp","href":"https:\/\/api.w.org\/{rel}","templated":true}]}}