{"id":3837,"date":"2023-06-27T08:07:31","date_gmt":"2023-06-27T11:07:31","guid":{"rendered":"https:\/\/extension.uncoma.edu.ar\/?p=3837"},"modified":"2023-05-30T11:11:16","modified_gmt":"2023-05-30T14:11:16","slug":"dia-del-profesional-de-biologia","status":"publish","type":"post","link":"https:\/\/extension.uncoma.edu.ar\/index.php\/prensa\/dia-del-profesional-de-biologia\/","title":{"rendered":"D\u00eda del profesional de Biolog\u00eda"},"content":{"rendered":"<p><img decoding=\"async\" src=\"http:\/\/extension.uncoma.edu.ar\/wp-content\/uploads\/2023\/05\/efemerides-graduados-2023-03-300x300.jpg\" alt=\"\" width=\"300\" height=\"300\" class=\"alignnone size-medium wp-image-3838\" srcset=\"https:\/\/extension.uncoma.edu.ar\/wp-content\/uploads\/2023\/05\/efemerides-graduados-2023-03-66x66.jpg 66w, https:\/\/extension.uncoma.edu.ar\/wp-content\/uploads\/2023\/05\/efemerides-graduados-2023-03-150x150.jpg 150w, https:\/\/extension.uncoma.edu.ar\/wp-content\/uploads\/2023\/05\/efemerides-graduados-2023-03-200x200.jpg 200w, https:\/\/extension.uncoma.edu.ar\/wp-content\/uploads\/2023\/05\/efemerides-graduados-2023-03-300x300.jpg 300w, https:\/\/extension.uncoma.edu.ar\/wp-content\/uploads\/2023\/05\/efemerides-graduados-2023-03-400x400.jpg 400w, https:\/\/extension.uncoma.edu.ar\/wp-content\/uploads\/2023\/05\/efemerides-graduados-2023-03.jpg 497w\" sizes=\"(max-width: 300px) 100vw, 300px\" \/><\/p>\n<p>El 27 de junio se celebra en Argentina el d\u00eda del Bi\u00f3logo y la Bi\u00f3loga porque en esa fecha del a\u00f1o 1812 se realiz\u00f3 el primer acto oficial vinculado a esta profesi\u00f3n en el pa\u00eds: el establecimiento en la Capital de la futura Rep\u00fablica Argentina de un Museo de Historia Natural, por pedido de Bernardino Rivadavia al Triunvirato.<\/p>\n<p>&nbsp;<\/p>\n","protected":false},"excerpt":{"rendered":"<p>El 27 de junio se celebra en Argentina el d\u00eda  [&#8230;]<\/p>\n","protected":false},"author":9,"featured_media":3838,"comment_status":"open","ping_status":"open","sticky":false,"template":"","format":"standard","meta":{"_acf_changed":false,"footnotes":""},"categories":[122,120],"tags":[],"class_list":["post-3837","post","type-post","status-publish","format-standard","has-post-thumbnail","hentry","category-observatorio-de-graduados","category-prensa"],"acf":[],"_links":{"self":[{"href":"https:\/\/extension.uncoma.edu.ar\/index.php\/wp-json\/wp\/v2\/posts\/3837","targetHints":{"allow":["GET"]}}],"collection":[{"href":"https:\/\/extension.uncoma.edu.ar\/index.php\/wp-json\/wp\/v2\/posts"}],"about":[{"href":"https:\/\/extension.uncoma.edu.ar\/index.php\/wp-json\/wp\/v2\/types\/post"}],"author":[{"embeddable":true,"href":"https:\/\/extension.uncoma.edu.ar\/index.php\/wp-json\/wp\/v2\/users\/9"}],"replies":[{"embeddable":true,"href":"https:\/\/extension.uncoma.edu.ar\/index.php\/wp-json\/wp\/v2\/comments?post=3837"}],"version-history":[{"count":1,"href":"https:\/\/extension.uncoma.edu.ar\/index.php\/wp-json\/wp\/v2\/posts\/3837\/revisions"}],"predecessor-version":[{"id":3839,"href":"https:\/\/extension.uncoma.edu.ar\/index.php\/wp-json\/wp\/v2\/posts\/3837\/revisions\/3839"}],"wp:featuredmedia":[{"embeddable":true,"href":"https:\/\/extension.uncoma.edu.ar\/index.php\/wp-json\/wp\/v2\/media\/3838"}],"wp:attachment":[{"href":"https:\/\/extension.uncoma.edu.ar\/index.php\/wp-json\/wp\/v2\/media?parent=3837"}],"wp:term":[{"taxonomy":"category","embeddable":true,"href":"https:\/\/extension.uncoma.edu.ar\/index.php\/wp-json\/wp\/v2\/categories?post=3837"},{"taxonomy":"post_tag","embeddable":true,"href":"https:\/\/extension.uncoma.edu.ar\/index.php\/wp-json\/wp\/v2\/tags?post=3837"}],"curies":[{"name":"wp","href":"https:\/\/api.w.org\/{rel}","templated":true}]}}