{"id":3834,"date":"2023-06-16T08:03:08","date_gmt":"2023-06-16T11:03:08","guid":{"rendered":"https:\/\/extension.uncoma.edu.ar\/?p=3834"},"modified":"2023-05-30T11:07:22","modified_gmt":"2023-05-30T14:07:22","slug":"dia-del-ingeniero-y-la-ingeniera","status":"publish","type":"post","link":"https:\/\/extension.uncoma.edu.ar\/index.php\/prensa\/dia-del-ingeniero-y-la-ingeniera\/","title":{"rendered":"D\u00eda del Ingeniero y la Ingeniera"},"content":{"rendered":"<p><img decoding=\"async\" src=\"http:\/\/extension.uncoma.edu.ar\/wp-content\/uploads\/2023\/05\/efemerides-graduados-2023-06-300x300.jpg\" alt=\"\" width=\"300\" height=\"300\" class=\"alignnone size-medium wp-image-3835\" srcset=\"https:\/\/extension.uncoma.edu.ar\/wp-content\/uploads\/2023\/05\/efemerides-graduados-2023-06-66x66.jpg 66w, https:\/\/extension.uncoma.edu.ar\/wp-content\/uploads\/2023\/05\/efemerides-graduados-2023-06-150x150.jpg 150w, https:\/\/extension.uncoma.edu.ar\/wp-content\/uploads\/2023\/05\/efemerides-graduados-2023-06-200x200.jpg 200w, https:\/\/extension.uncoma.edu.ar\/wp-content\/uploads\/2023\/05\/efemerides-graduados-2023-06-300x300.jpg 300w, https:\/\/extension.uncoma.edu.ar\/wp-content\/uploads\/2023\/05\/efemerides-graduados-2023-06-400x400.jpg 400w, https:\/\/extension.uncoma.edu.ar\/wp-content\/uploads\/2023\/05\/efemerides-graduados-2023-06.jpg 497w\" sizes=\"(max-width: 300px) 100vw, 300px\" \/><\/p>\n<p>Hoy, 16 de junio, se celebra en todo el pa\u00eds el D\u00eda del profesional en Ingenier\u00eda. Este d\u00eda se atribuye al comienzo y la implementaci\u00f3n de la carrera Ingenier\u00eda en Argentina a iniciativa de Carlos Enrique Pellegrini en 1855. La carrera se comenz\u00f3 a dictar 10 a\u00f1os despu\u00e9s en la Universidad de Buenos Aires.<\/p>\n<p>&nbsp;<\/p>\n","protected":false},"excerpt":{"rendered":"<p>Hoy, 16 de junio, se celebra en todo el pa\u00eds  [&#8230;]<\/p>\n","protected":false},"author":9,"featured_media":3835,"comment_status":"open","ping_status":"open","sticky":false,"template":"","format":"standard","meta":{"_acf_changed":false,"footnotes":""},"categories":[122,120],"tags":[],"class_list":["post-3834","post","type-post","status-publish","format-standard","has-post-thumbnail","hentry","category-observatorio-de-graduados","category-prensa"],"acf":[],"_links":{"self":[{"href":"https:\/\/extension.uncoma.edu.ar\/index.php\/wp-json\/wp\/v2\/posts\/3834","targetHints":{"allow":["GET"]}}],"collection":[{"href":"https:\/\/extension.uncoma.edu.ar\/index.php\/wp-json\/wp\/v2\/posts"}],"about":[{"href":"https:\/\/extension.uncoma.edu.ar\/index.php\/wp-json\/wp\/v2\/types\/post"}],"author":[{"embeddable":true,"href":"https:\/\/extension.uncoma.edu.ar\/index.php\/wp-json\/wp\/v2\/users\/9"}],"replies":[{"embeddable":true,"href":"https:\/\/extension.uncoma.edu.ar\/index.php\/wp-json\/wp\/v2\/comments?post=3834"}],"version-history":[{"count":1,"href":"https:\/\/extension.uncoma.edu.ar\/index.php\/wp-json\/wp\/v2\/posts\/3834\/revisions"}],"predecessor-version":[{"id":3836,"href":"https:\/\/extension.uncoma.edu.ar\/index.php\/wp-json\/wp\/v2\/posts\/3834\/revisions\/3836"}],"wp:featuredmedia":[{"embeddable":true,"href":"https:\/\/extension.uncoma.edu.ar\/index.php\/wp-json\/wp\/v2\/media\/3835"}],"wp:attachment":[{"href":"https:\/\/extension.uncoma.edu.ar\/index.php\/wp-json\/wp\/v2\/media?parent=3834"}],"wp:term":[{"taxonomy":"category","embeddable":true,"href":"https:\/\/extension.uncoma.edu.ar\/index.php\/wp-json\/wp\/v2\/categories?post=3834"},{"taxonomy":"post_tag","embeddable":true,"href":"https:\/\/extension.uncoma.edu.ar\/index.php\/wp-json\/wp\/v2\/tags?post=3834"}],"curies":[{"name":"wp","href":"https:\/\/api.w.org\/{rel}","templated":true}]}}