{"id":3825,"date":"2024-06-02T08:38:07","date_gmt":"2024-06-02T11:38:07","guid":{"rendered":"https:\/\/extension.uncoma.edu.ar\/?p=3825"},"modified":"2024-07-29T09:03:28","modified_gmt":"2024-07-29T12:03:28","slug":"dia-del-profesional-de-ciencias-economicas","status":"publish","type":"post","link":"https:\/\/extension.uncoma.edu.ar\/index.php\/prensa\/dia-del-profesional-de-ciencias-economicas\/","title":{"rendered":"D\u00eda del profesional de Ciencias Econ\u00f3micas"},"content":{"rendered":"<p><img decoding=\"async\" src=\"http:\/\/extension.uncoma.edu.ar\/wp-content\/uploads\/2023\/05\/efemerides-graduados-2023-45-300x300.jpg\" alt=\"\" width=\"300\" height=\"300\" class=\"alignnone size-medium wp-image-3826\" srcset=\"https:\/\/extension.uncoma.edu.ar\/wp-content\/uploads\/2023\/05\/efemerides-graduados-2023-45-66x66.jpg 66w, https:\/\/extension.uncoma.edu.ar\/wp-content\/uploads\/2023\/05\/efemerides-graduados-2023-45-150x150.jpg 150w, https:\/\/extension.uncoma.edu.ar\/wp-content\/uploads\/2023\/05\/efemerides-graduados-2023-45-200x200.jpg 200w, https:\/\/extension.uncoma.edu.ar\/wp-content\/uploads\/2023\/05\/efemerides-graduados-2023-45-300x300.jpg 300w, https:\/\/extension.uncoma.edu.ar\/wp-content\/uploads\/2023\/05\/efemerides-graduados-2023-45-400x400.jpg 400w, https:\/\/extension.uncoma.edu.ar\/wp-content\/uploads\/2023\/05\/efemerides-graduados-2023-45.jpg 497w\" sizes=\"(max-width: 300px) 100vw, 300px\" \/><\/p>\n<p>Hoy 2 de junio, se celebra el D\u00eda del Profesional de Ciencias Econ\u00f3micas, en conmemoraci\u00f3n del nombramiento de Manuel Belgrano, como primer Secretario del Consulado de Comercio, hecho ocurrido el 2 de junio de 1794.<\/p>\n<p>&nbsp;<\/p>\n","protected":false},"excerpt":{"rendered":"<p>Hoy 2 de junio, se celebra el D\u00eda del Profesional  [&#8230;]<\/p>\n","protected":false},"author":9,"featured_media":3826,"comment_status":"open","ping_status":"open","sticky":false,"template":"","format":"standard","meta":{"_acf_changed":false,"footnotes":""},"categories":[122,120],"tags":[],"class_list":["post-3825","post","type-post","status-publish","format-standard","has-post-thumbnail","hentry","category-observatorio-de-graduados","category-prensa"],"acf":[],"_links":{"self":[{"href":"https:\/\/extension.uncoma.edu.ar\/index.php\/wp-json\/wp\/v2\/posts\/3825","targetHints":{"allow":["GET"]}}],"collection":[{"href":"https:\/\/extension.uncoma.edu.ar\/index.php\/wp-json\/wp\/v2\/posts"}],"about":[{"href":"https:\/\/extension.uncoma.edu.ar\/index.php\/wp-json\/wp\/v2\/types\/post"}],"author":[{"embeddable":true,"href":"https:\/\/extension.uncoma.edu.ar\/index.php\/wp-json\/wp\/v2\/users\/9"}],"replies":[{"embeddable":true,"href":"https:\/\/extension.uncoma.edu.ar\/index.php\/wp-json\/wp\/v2\/comments?post=3825"}],"version-history":[{"count":1,"href":"https:\/\/extension.uncoma.edu.ar\/index.php\/wp-json\/wp\/v2\/posts\/3825\/revisions"}],"predecessor-version":[{"id":3827,"href":"https:\/\/extension.uncoma.edu.ar\/index.php\/wp-json\/wp\/v2\/posts\/3825\/revisions\/3827"}],"wp:featuredmedia":[{"embeddable":true,"href":"https:\/\/extension.uncoma.edu.ar\/index.php\/wp-json\/wp\/v2\/media\/3826"}],"wp:attachment":[{"href":"https:\/\/extension.uncoma.edu.ar\/index.php\/wp-json\/wp\/v2\/media?parent=3825"}],"wp:term":[{"taxonomy":"category","embeddable":true,"href":"https:\/\/extension.uncoma.edu.ar\/index.php\/wp-json\/wp\/v2\/categories?post=3825"},{"taxonomy":"post_tag","embeddable":true,"href":"https:\/\/extension.uncoma.edu.ar\/index.php\/wp-json\/wp\/v2\/tags?post=3825"}],"curies":[{"name":"wp","href":"https:\/\/api.w.org\/{rel}","templated":true}]}}