{"id":3778,"date":"2023-05-16T08:25:21","date_gmt":"2023-05-16T11:25:21","guid":{"rendered":"https:\/\/extension.uncoma.edu.ar\/?p=3778"},"modified":"2023-05-16T08:25:50","modified_gmt":"2023-05-16T11:25:50","slug":"nueva-funcion-de-toska","status":"publish","type":"post","link":"https:\/\/extension.uncoma.edu.ar\/index.php\/cultura\/nueva-funcion-de-toska\/","title":{"rendered":"Nueva funci\u00f3n de Toska"},"content":{"rendered":"<p>La Secretar\u00eda de Extensi\u00f3n y el Foro Cine del Sur invitan a una nueva proyecci\u00f3n del film de Mario Tondato <strong>Toska. El Teatro le Hace Bien a la Gente<\/strong> que se realizar\u00e1 en el Cine Teatro Espa\u00f1ol de la ciudad de Neuqu\u00e9n el pr\u00f3ximo jueves 18 de mayo a partir de las 21.30 hs.<\/p>\n<p><a href=\"https:\/\/youtu.be\/cHbIPzFUWb8\">Trailer<\/a><\/p>\n<p><img decoding=\"async\" src=\"http:\/\/extension.uncoma.edu.ar\/wp-content\/uploads\/2023\/05\/VOLANTE-4-CH-400x577.jpg\" alt=\"\" width=\"400\" height=\"577\" class=\"alignnone wp-image-3779 size-fusion-400\" srcset=\"https:\/\/extension.uncoma.edu.ar\/wp-content\/uploads\/2023\/05\/VOLANTE-4-CH-200x289.jpg 200w, https:\/\/extension.uncoma.edu.ar\/wp-content\/uploads\/2023\/05\/VOLANTE-4-CH-208x300.jpg 208w, https:\/\/extension.uncoma.edu.ar\/wp-content\/uploads\/2023\/05\/VOLANTE-4-CH-400x577.jpg 400w, https:\/\/extension.uncoma.edu.ar\/wp-content\/uploads\/2023\/05\/VOLANTE-4-CH-600x866.jpg 600w, https:\/\/extension.uncoma.edu.ar\/wp-content\/uploads\/2023\/05\/VOLANTE-4-CH-709x1024.jpg 709w, https:\/\/extension.uncoma.edu.ar\/wp-content\/uploads\/2023\/05\/VOLANTE-4-CH-768x1109.jpg 768w, https:\/\/extension.uncoma.edu.ar\/wp-content\/uploads\/2023\/05\/VOLANTE-4-CH-800x1155.jpg 800w, https:\/\/extension.uncoma.edu.ar\/wp-content\/uploads\/2023\/05\/VOLANTE-4-CH-1064x1536.jpg 1064w, https:\/\/extension.uncoma.edu.ar\/wp-content\/uploads\/2023\/05\/VOLANTE-4-CH-1200x1732.jpg 1200w, https:\/\/extension.uncoma.edu.ar\/wp-content\/uploads\/2023\/05\/VOLANTE-4-CH-1419x2048.jpg 1419w, https:\/\/extension.uncoma.edu.ar\/wp-content\/uploads\/2023\/05\/VOLANTE-4-CH-scaled.jpg 1774w\" sizes=\"(max-width: 400px) 100vw, 400px\" \/><\/p>\n","protected":false},"excerpt":{"rendered":"<p>La Secretar\u00eda de Extensi\u00f3n y el Foro Cine del Sur  [&#8230;]<\/p>\n","protected":false},"author":9,"featured_media":3684,"comment_status":"open","ping_status":"open","sticky":false,"template":"","format":"standard","meta":{"_acf_changed":false,"footnotes":""},"categories":[118,120],"tags":[],"class_list":["post-3778","post","type-post","status-publish","format-standard","has-post-thumbnail","hentry","category-cultura","category-prensa"],"acf":[],"_links":{"self":[{"href":"https:\/\/extension.uncoma.edu.ar\/index.php\/wp-json\/wp\/v2\/posts\/3778","targetHints":{"allow":["GET"]}}],"collection":[{"href":"https:\/\/extension.uncoma.edu.ar\/index.php\/wp-json\/wp\/v2\/posts"}],"about":[{"href":"https:\/\/extension.uncoma.edu.ar\/index.php\/wp-json\/wp\/v2\/types\/post"}],"author":[{"embeddable":true,"href":"https:\/\/extension.uncoma.edu.ar\/index.php\/wp-json\/wp\/v2\/users\/9"}],"replies":[{"embeddable":true,"href":"https:\/\/extension.uncoma.edu.ar\/index.php\/wp-json\/wp\/v2\/comments?post=3778"}],"version-history":[{"count":2,"href":"https:\/\/extension.uncoma.edu.ar\/index.php\/wp-json\/wp\/v2\/posts\/3778\/revisions"}],"predecessor-version":[{"id":3781,"href":"https:\/\/extension.uncoma.edu.ar\/index.php\/wp-json\/wp\/v2\/posts\/3778\/revisions\/3781"}],"wp:featuredmedia":[{"embeddable":true,"href":"https:\/\/extension.uncoma.edu.ar\/index.php\/wp-json\/wp\/v2\/media\/3684"}],"wp:attachment":[{"href":"https:\/\/extension.uncoma.edu.ar\/index.php\/wp-json\/wp\/v2\/media?parent=3778"}],"wp:term":[{"taxonomy":"category","embeddable":true,"href":"https:\/\/extension.uncoma.edu.ar\/index.php\/wp-json\/wp\/v2\/categories?post=3778"},{"taxonomy":"post_tag","embeddable":true,"href":"https:\/\/extension.uncoma.edu.ar\/index.php\/wp-json\/wp\/v2\/tags?post=3778"}],"curies":[{"name":"wp","href":"https:\/\/api.w.org\/{rel}","templated":true}]}}