{"id":3706,"date":"2023-04-28T10:55:24","date_gmt":"2023-04-28T13:55:24","guid":{"rendered":"https:\/\/extension.uncoma.edu.ar\/?p=3706"},"modified":"2023-04-28T10:55:24","modified_gmt":"2023-04-28T13:55:24","slug":"tercera-emision-de-extension-comahue","status":"publish","type":"post","link":"https:\/\/extension.uncoma.edu.ar\/index.php\/consejo-de-extension\/tercera-emision-de-extension-comahue\/","title":{"rendered":"Tercera emisi\u00f3n de Extensi\u00f3n Comahue"},"content":{"rendered":"<p>Hoy, en la Tercera emisi\u00f3n del programa radial <strong>Extensi\u00f3n Comahue<\/strong> se realizar\u00e1 una cobertura en vivo de la 47\u00ba Feria Internacional del Libro de Buenos Aires, donde una nutrida comitiva de autores y autoras de Neuqu\u00e9n y R\u00edo Negro forman parte de la programaci\u00f3n.<\/p>\n<p>Adem\u00e1s, el Secretario de Extensi\u00f3n Dami\u00e1n Cancelo entrevistar\u00e1 a Mar\u00eda Xalkan Nahuel sobre la proyecci\u00f3n del documental Manke Wen\u00fcy que se llevar\u00e1 a cabo en el Aula Magna el pr\u00f3ximo s\u00e1bado.<\/p>\n<p>Por \u00faltimo, Dami\u00e1n compartir\u00e1 los estudios de la 103.7 con V\u00edctor Retacco, dos veces Secretario de extensi\u00f3n de\u00a0 la Facultad de Humanidades y una vez Secretario de extensi\u00f3n de Rectorado, para conversar sobre la historia y el presente de las pol\u00edticas de extensi\u00f3n.<\/p>\n<p>&nbsp;<\/p>\n<p><strong>Extensi\u00f3n Comahue<\/strong><br \/>\nViernes 17 hs<br \/>\n<a href=\"https:\/\/universidadcalf.com\/\">FM 103.7 Universidad-Calf<\/a><\/p>\n<p>&nbsp;<\/p>\n<p><img decoding=\"async\" src=\"http:\/\/extension.uncoma.edu.ar\/wp-content\/uploads\/2023\/04\/Radio-Extension-Comahue-28-04_Mesa-de-trabajo-1-300x300.jpg\" alt=\"\" width=\"300\" height=\"300\" class=\"alignnone size-medium wp-image-3707\" srcset=\"https:\/\/extension.uncoma.edu.ar\/wp-content\/uploads\/2023\/04\/Radio-Extension-Comahue-28-04_Mesa-de-trabajo-1-66x66.jpg 66w, https:\/\/extension.uncoma.edu.ar\/wp-content\/uploads\/2023\/04\/Radio-Extension-Comahue-28-04_Mesa-de-trabajo-1-150x150.jpg 150w, https:\/\/extension.uncoma.edu.ar\/wp-content\/uploads\/2023\/04\/Radio-Extension-Comahue-28-04_Mesa-de-trabajo-1-200x200.jpg 200w, https:\/\/extension.uncoma.edu.ar\/wp-content\/uploads\/2023\/04\/Radio-Extension-Comahue-28-04_Mesa-de-trabajo-1-300x300.jpg 300w, https:\/\/extension.uncoma.edu.ar\/wp-content\/uploads\/2023\/04\/Radio-Extension-Comahue-28-04_Mesa-de-trabajo-1-400x400.jpg 400w, https:\/\/extension.uncoma.edu.ar\/wp-content\/uploads\/2023\/04\/Radio-Extension-Comahue-28-04_Mesa-de-trabajo-1-600x600.jpg 600w, https:\/\/extension.uncoma.edu.ar\/wp-content\/uploads\/2023\/04\/Radio-Extension-Comahue-28-04_Mesa-de-trabajo-1-768x768.jpg 768w, https:\/\/extension.uncoma.edu.ar\/wp-content\/uploads\/2023\/04\/Radio-Extension-Comahue-28-04_Mesa-de-trabajo-1-800x800.jpg 800w, https:\/\/extension.uncoma.edu.ar\/wp-content\/uploads\/2023\/04\/Radio-Extension-Comahue-28-04_Mesa-de-trabajo-1-1024x1024.jpg 1024w, https:\/\/extension.uncoma.edu.ar\/wp-content\/uploads\/2023\/04\/Radio-Extension-Comahue-28-04_Mesa-de-trabajo-1-1200x1200.jpg 1200w, https:\/\/extension.uncoma.edu.ar\/wp-content\/uploads\/2023\/04\/Radio-Extension-Comahue-28-04_Mesa-de-trabajo-1-1536x1536.jpg 1536w, https:\/\/extension.uncoma.edu.ar\/wp-content\/uploads\/2023\/04\/Radio-Extension-Comahue-28-04_Mesa-de-trabajo-1.jpg 2481w\" sizes=\"(max-width: 300px) 100vw, 300px\" \/><\/p>\n","protected":false},"excerpt":{"rendered":"<p>Hoy, en la Tercera emisi\u00f3n del programa radial Extensi\u00f3n Comahue  [&#8230;]<\/p>\n","protected":false},"author":9,"featured_media":3707,"comment_status":"open","ping_status":"open","sticky":false,"template":"","format":"standard","meta":{"_acf_changed":false,"footnotes":""},"categories":[119,120],"tags":[],"class_list":["post-3706","post","type-post","status-publish","format-standard","has-post-thumbnail","hentry","category-consejo-de-extension","category-prensa"],"acf":[],"_links":{"self":[{"href":"https:\/\/extension.uncoma.edu.ar\/index.php\/wp-json\/wp\/v2\/posts\/3706","targetHints":{"allow":["GET"]}}],"collection":[{"href":"https:\/\/extension.uncoma.edu.ar\/index.php\/wp-json\/wp\/v2\/posts"}],"about":[{"href":"https:\/\/extension.uncoma.edu.ar\/index.php\/wp-json\/wp\/v2\/types\/post"}],"author":[{"embeddable":true,"href":"https:\/\/extension.uncoma.edu.ar\/index.php\/wp-json\/wp\/v2\/users\/9"}],"replies":[{"embeddable":true,"href":"https:\/\/extension.uncoma.edu.ar\/index.php\/wp-json\/wp\/v2\/comments?post=3706"}],"version-history":[{"count":1,"href":"https:\/\/extension.uncoma.edu.ar\/index.php\/wp-json\/wp\/v2\/posts\/3706\/revisions"}],"predecessor-version":[{"id":3708,"href":"https:\/\/extension.uncoma.edu.ar\/index.php\/wp-json\/wp\/v2\/posts\/3706\/revisions\/3708"}],"wp:featuredmedia":[{"embeddable":true,"href":"https:\/\/extension.uncoma.edu.ar\/index.php\/wp-json\/wp\/v2\/media\/3707"}],"wp:attachment":[{"href":"https:\/\/extension.uncoma.edu.ar\/index.php\/wp-json\/wp\/v2\/media?parent=3706"}],"wp:term":[{"taxonomy":"category","embeddable":true,"href":"https:\/\/extension.uncoma.edu.ar\/index.php\/wp-json\/wp\/v2\/categories?post=3706"},{"taxonomy":"post_tag","embeddable":true,"href":"https:\/\/extension.uncoma.edu.ar\/index.php\/wp-json\/wp\/v2\/tags?post=3706"}],"curies":[{"name":"wp","href":"https:\/\/api.w.org\/{rel}","templated":true}]}}