{"id":3679,"date":"2023-04-24T14:54:08","date_gmt":"2023-04-24T17:54:08","guid":{"rendered":"https:\/\/extension.uncoma.edu.ar\/?p=3679"},"modified":"2023-04-24T16:31:41","modified_gmt":"2023-04-24T19:31:41","slug":"2o-programa-de-awkin-kimvn","status":"publish","type":"post","link":"https:\/\/extension.uncoma.edu.ar\/index.php\/consejo-de-extension\/2o-programa-de-awkin-kimvn\/","title":{"rendered":"2\u00ba Programa de Awkin Kimvn"},"content":{"rendered":"<p>HOY, como todos los lunes desde las 17 hs. se llevar\u00e1 a cabo una nueva emisi\u00f3n de <strong>Awkin Kimvn, <\/strong>el programa\u00a0 radial intercultural de la Secretar\u00eda de Extensi\u00f3n.<\/p>\n<p>En el mismo entrevistar\u00e1n a Noelia Wenumil (Inan logko Lof Melo y coordinadora de Zonal Lafkence de Villa La Angostura), quien junto a Camila Barria Paicil (Kona del Lof Paicil Antriao) participar\u00e1 del \u00abConversatorio Cartograf\u00eda social y conflictos socioterritoriales en Norpatagonia\u00bb, que se realiza a partir de las 18 hs en el Aula H4 del Edificio \u00abNuevo Nuevo\u00bb de Humanidades. La actividad es una propuesta del Proyecto de Extensi\u00f3n Cartograf\u00eda social del territorio mapuce. Memorias ancestrales y proyecciones para un desarrollo aut\u00f3nomo en la postpandemia, dirigido por Anabella C\u00e1diz y codirigido por Sabrina Aguirre.<\/p>\n<p>A continuaci\u00f3n entrevistar\u00e1n a Ana Calafat (Profesora adjunta de la c\u00e1tedra de DD.HH. y Derechos de pueblos originarios de la Fadecs) sobre el tema \u00abGenocidio y Derecho de los pueblos ind\u00edgenas\u00bb.<\/p>\n<p>Despu\u00e9s conversar\u00e1n con Ailen Quilaleo Kimelfe (integrante de txafkuleyi\u00f1) sobre la revitalizaci\u00f3n del mapuzugun en puel mapu.<\/p>\n<p>Por \u00faltimo, charlar\u00e1n con Diego Rosales (Werken del Lof Futa Xayen) sobre la situaci\u00f3n territorial que est\u00e1n atravesando en el Lof y la reciente participaci\u00f3n en la conferencia de las partes por el acuerdo de Escazu en Argentina.<\/p>\n<p>Con la conducci\u00f3n de Estefan\u00eda Rivera Nahuelan, Mara Collinao y Ailin <span>Piren Huenaiuen<\/span>.<\/p>\n<p>&nbsp;<\/p>\n<p><strong>Awkin Kimvn<\/strong><br \/>\nLunes a las 17 hs.<br \/>\n<a href=\"https:\/\/universidadcalf.com\/\">FM 103.7 Universidad-Calf<\/a><\/p>\n<p>&nbsp;<\/p>\n","protected":false},"excerpt":{"rendered":"<p>HOY, como todos los lunes desde las 17 hs. se  [&#8230;]<\/p>\n","protected":false},"author":9,"featured_media":3639,"comment_status":"open","ping_status":"open","sticky":false,"template":"","format":"standard","meta":{"_acf_changed":false,"footnotes":""},"categories":[119,120],"tags":[],"class_list":["post-3679","post","type-post","status-publish","format-standard","has-post-thumbnail","hentry","category-consejo-de-extension","category-prensa"],"acf":[],"_links":{"self":[{"href":"https:\/\/extension.uncoma.edu.ar\/index.php\/wp-json\/wp\/v2\/posts\/3679","targetHints":{"allow":["GET"]}}],"collection":[{"href":"https:\/\/extension.uncoma.edu.ar\/index.php\/wp-json\/wp\/v2\/posts"}],"about":[{"href":"https:\/\/extension.uncoma.edu.ar\/index.php\/wp-json\/wp\/v2\/types\/post"}],"author":[{"embeddable":true,"href":"https:\/\/extension.uncoma.edu.ar\/index.php\/wp-json\/wp\/v2\/users\/9"}],"replies":[{"embeddable":true,"href":"https:\/\/extension.uncoma.edu.ar\/index.php\/wp-json\/wp\/v2\/comments?post=3679"}],"version-history":[{"count":3,"href":"https:\/\/extension.uncoma.edu.ar\/index.php\/wp-json\/wp\/v2\/posts\/3679\/revisions"}],"predecessor-version":[{"id":3682,"href":"https:\/\/extension.uncoma.edu.ar\/index.php\/wp-json\/wp\/v2\/posts\/3679\/revisions\/3682"}],"wp:featuredmedia":[{"embeddable":true,"href":"https:\/\/extension.uncoma.edu.ar\/index.php\/wp-json\/wp\/v2\/media\/3639"}],"wp:attachment":[{"href":"https:\/\/extension.uncoma.edu.ar\/index.php\/wp-json\/wp\/v2\/media?parent=3679"}],"wp:term":[{"taxonomy":"category","embeddable":true,"href":"https:\/\/extension.uncoma.edu.ar\/index.php\/wp-json\/wp\/v2\/categories?post=3679"},{"taxonomy":"post_tag","embeddable":true,"href":"https:\/\/extension.uncoma.edu.ar\/index.php\/wp-json\/wp\/v2\/tags?post=3679"}],"curies":[{"name":"wp","href":"https:\/\/api.w.org\/{rel}","templated":true}]}}