{"id":3674,"date":"2023-04-21T14:28:15","date_gmt":"2023-04-21T17:28:15","guid":{"rendered":"https:\/\/extension.uncoma.edu.ar\/?p=3674"},"modified":"2023-04-21T14:28:15","modified_gmt":"2023-04-21T17:28:15","slug":"hoy-en-extension-comahue","status":"publish","type":"post","link":"https:\/\/extension.uncoma.edu.ar\/index.php\/consejo-de-extension\/hoy-en-extension-comahue\/","title":{"rendered":"HOY en Extensi\u00f3n Comahue"},"content":{"rendered":"<p>Hoy, en la Segunda emisi\u00f3n del programa radial <strong>Extensi\u00f3n Comahue<\/strong> el Secretario de Extensi\u00f3n Dami\u00e1n Cancelo conversar\u00e1 con el Juan Brizzio (<a href=\"https:\/\/facaweb.uncoma.edu.ar\/\">Facultad de Ciencias Agrarias<\/a>) sobre las pol\u00edticas de la secretar\u00eda de extensi\u00f3n y las Jornadas de Extensi\u00f3n e Investigaci\u00f3n que comienzan este lunes.<\/p>\n<p>Adem\u00e1s, Juan Porfiri comentar\u00e1 la presencia del Museo de Ciencias Naturales en la <a href=\"https:\/\/www.tecnopolis.gob.ar\/itjoven\/\">Feria IT Joven<\/a> de Tecn\u00f3polis y Cristina Mancilla comentar\u00e1 la actividad teatral que se realizar\u00e1 en el Aula Magna \u00abSalvador Allende\u00bb el pr\u00f3ximo mi\u00e9rcoles 26, con la puesta en escena de la obra \u00abEnsayo Lorca\u00bb y el posterior conversatorio sobre las dictaduras espa\u00f1ola y argentina.<\/p>\n<p>&nbsp;<\/p>\n<p><strong>Extensi\u00f3n Comahue<\/strong><br \/>\nViernes 17 hs<br \/>\n<a href=\"https:\/\/universidadcalf.com\/\">FM 103.7 Universidad-Calf<\/a><\/p>\n<p><img decoding=\"async\" src=\"http:\/\/extension.uncoma.edu.ar\/wp-content\/uploads\/2023\/04\/Radio-Extension-Comahue-21-04-2_Mesa-de-trabajo-1-300x300.jpg\" alt=\"\" width=\"300\" height=\"300\" class=\"alignnone size-medium wp-image-3675\" srcset=\"https:\/\/extension.uncoma.edu.ar\/wp-content\/uploads\/2023\/04\/Radio-Extension-Comahue-21-04-2_Mesa-de-trabajo-1-66x66.jpg 66w, https:\/\/extension.uncoma.edu.ar\/wp-content\/uploads\/2023\/04\/Radio-Extension-Comahue-21-04-2_Mesa-de-trabajo-1-150x150.jpg 150w, https:\/\/extension.uncoma.edu.ar\/wp-content\/uploads\/2023\/04\/Radio-Extension-Comahue-21-04-2_Mesa-de-trabajo-1-200x200.jpg 200w, https:\/\/extension.uncoma.edu.ar\/wp-content\/uploads\/2023\/04\/Radio-Extension-Comahue-21-04-2_Mesa-de-trabajo-1-300x300.jpg 300w, https:\/\/extension.uncoma.edu.ar\/wp-content\/uploads\/2023\/04\/Radio-Extension-Comahue-21-04-2_Mesa-de-trabajo-1-400x400.jpg 400w, https:\/\/extension.uncoma.edu.ar\/wp-content\/uploads\/2023\/04\/Radio-Extension-Comahue-21-04-2_Mesa-de-trabajo-1-600x600.jpg 600w, https:\/\/extension.uncoma.edu.ar\/wp-content\/uploads\/2023\/04\/Radio-Extension-Comahue-21-04-2_Mesa-de-trabajo-1-768x768.jpg 768w, https:\/\/extension.uncoma.edu.ar\/wp-content\/uploads\/2023\/04\/Radio-Extension-Comahue-21-04-2_Mesa-de-trabajo-1-800x800.jpg 800w, https:\/\/extension.uncoma.edu.ar\/wp-content\/uploads\/2023\/04\/Radio-Extension-Comahue-21-04-2_Mesa-de-trabajo-1-1024x1024.jpg 1024w, https:\/\/extension.uncoma.edu.ar\/wp-content\/uploads\/2023\/04\/Radio-Extension-Comahue-21-04-2_Mesa-de-trabajo-1-1200x1200.jpg 1200w, https:\/\/extension.uncoma.edu.ar\/wp-content\/uploads\/2023\/04\/Radio-Extension-Comahue-21-04-2_Mesa-de-trabajo-1-1536x1536.jpg 1536w, https:\/\/extension.uncoma.edu.ar\/wp-content\/uploads\/2023\/04\/Radio-Extension-Comahue-21-04-2_Mesa-de-trabajo-1.jpg 2481w\" sizes=\"(max-width: 300px) 100vw, 300px\" \/><\/p>\n","protected":false},"excerpt":{"rendered":"<p>Hoy, en la Segunda emisi\u00f3n del programa radial Extensi\u00f3n Comahue  [&#8230;]<\/p>\n","protected":false},"author":9,"featured_media":3626,"comment_status":"open","ping_status":"open","sticky":false,"template":"","format":"standard","meta":{"_acf_changed":false,"footnotes":""},"categories":[119,120],"tags":[],"class_list":["post-3674","post","type-post","status-publish","format-standard","has-post-thumbnail","hentry","category-consejo-de-extension","category-prensa"],"acf":[],"_links":{"self":[{"href":"https:\/\/extension.uncoma.edu.ar\/index.php\/wp-json\/wp\/v2\/posts\/3674","targetHints":{"allow":["GET"]}}],"collection":[{"href":"https:\/\/extension.uncoma.edu.ar\/index.php\/wp-json\/wp\/v2\/posts"}],"about":[{"href":"https:\/\/extension.uncoma.edu.ar\/index.php\/wp-json\/wp\/v2\/types\/post"}],"author":[{"embeddable":true,"href":"https:\/\/extension.uncoma.edu.ar\/index.php\/wp-json\/wp\/v2\/users\/9"}],"replies":[{"embeddable":true,"href":"https:\/\/extension.uncoma.edu.ar\/index.php\/wp-json\/wp\/v2\/comments?post=3674"}],"version-history":[{"count":1,"href":"https:\/\/extension.uncoma.edu.ar\/index.php\/wp-json\/wp\/v2\/posts\/3674\/revisions"}],"predecessor-version":[{"id":3676,"href":"https:\/\/extension.uncoma.edu.ar\/index.php\/wp-json\/wp\/v2\/posts\/3674\/revisions\/3676"}],"wp:featuredmedia":[{"embeddable":true,"href":"https:\/\/extension.uncoma.edu.ar\/index.php\/wp-json\/wp\/v2\/media\/3626"}],"wp:attachment":[{"href":"https:\/\/extension.uncoma.edu.ar\/index.php\/wp-json\/wp\/v2\/media?parent=3674"}],"wp:term":[{"taxonomy":"category","embeddable":true,"href":"https:\/\/extension.uncoma.edu.ar\/index.php\/wp-json\/wp\/v2\/categories?post=3674"},{"taxonomy":"post_tag","embeddable":true,"href":"https:\/\/extension.uncoma.edu.ar\/index.php\/wp-json\/wp\/v2\/tags?post=3674"}],"curies":[{"name":"wp","href":"https:\/\/api.w.org\/{rel}","templated":true}]}}