{"id":3638,"date":"2023-04-17T11:54:11","date_gmt":"2023-04-17T14:54:11","guid":{"rendered":"https:\/\/extension.uncoma.edu.ar\/?p=3638"},"modified":"2023-04-17T11:54:11","modified_gmt":"2023-04-17T14:54:11","slug":"hoy-comienza-el-ciclo-awkin-kimvn","status":"publish","type":"post","link":"https:\/\/extension.uncoma.edu.ar\/index.php\/cultura\/hoy-comienza-el-ciclo-awkin-kimvn\/","title":{"rendered":"Hoy comienza el Ciclo Awkin Kimvn"},"content":{"rendered":"<p>Hoy comienza el programa\u00a0<strong>Awkin Kimvn<\/strong>, el ciclo radial de la Secretar\u00eda de Extensi\u00f3n que nos acercar\u00e1 el conocimiento mapuce a trav\u00e9s de las voces de mujeres de diferentes territorios, con la idea de generar un intercambio de conocimientos y saberes desde una perspectiva intercultural.<\/p>\n<p>Awkin Kimvn cuenta con la conducci\u00f3n de Mara Collinao, Estefan\u00eda Rivera Nahuelan y Ailin Piren Huenaiuen y se emite los d\u00edas lunes a partir de las 17 hs. en FM 103.7 Universidad-Calf.<\/p>\n<p>El primer programa del Ciclo 2023 contar\u00e1 con la participaci\u00f3n de Anah\u00ed Mariluan, Romina Ayel\u00e9n Diaz y Andrea Szulc.<\/p>\n<p>&nbsp;<\/p>\n<p><strong>Awkin Kimvn<\/strong><br \/>\nLunes a las 17 hs.<br \/>\n<a href=\"https:\/\/universidadcalf.com\/\">FM 103.7 Universidad-Calf<\/a><\/p>\n<p>&nbsp;<\/p>\n<p><img decoding=\"async\" src=\"http:\/\/extension.uncoma.edu.ar\/wp-content\/uploads\/2023\/04\/IMG-20230417-WA0018-300x300.jpg\" alt=\"\" width=\"300\" height=\"300\" class=\"alignnone size-medium wp-image-3640\" srcset=\"https:\/\/extension.uncoma.edu.ar\/wp-content\/uploads\/2023\/04\/IMG-20230417-WA0018-66x66.jpg 66w, https:\/\/extension.uncoma.edu.ar\/wp-content\/uploads\/2023\/04\/IMG-20230417-WA0018-150x150.jpg 150w, https:\/\/extension.uncoma.edu.ar\/wp-content\/uploads\/2023\/04\/IMG-20230417-WA0018-200x200.jpg 200w, https:\/\/extension.uncoma.edu.ar\/wp-content\/uploads\/2023\/04\/IMG-20230417-WA0018-300x300.jpg 300w, https:\/\/extension.uncoma.edu.ar\/wp-content\/uploads\/2023\/04\/IMG-20230417-WA0018-400x400.jpg 400w, https:\/\/extension.uncoma.edu.ar\/wp-content\/uploads\/2023\/04\/IMG-20230417-WA0018-600x600.jpg 600w, https:\/\/extension.uncoma.edu.ar\/wp-content\/uploads\/2023\/04\/IMG-20230417-WA0018-768x768.jpg 768w, https:\/\/extension.uncoma.edu.ar\/wp-content\/uploads\/2023\/04\/IMG-20230417-WA0018-800x800.jpg 800w, https:\/\/extension.uncoma.edu.ar\/wp-content\/uploads\/2023\/04\/IMG-20230417-WA0018-1024x1024.jpg 1024w, https:\/\/extension.uncoma.edu.ar\/wp-content\/uploads\/2023\/04\/IMG-20230417-WA0018-1200x1199.jpg 1200w, https:\/\/extension.uncoma.edu.ar\/wp-content\/uploads\/2023\/04\/IMG-20230417-WA0018-1536x1536.jpg 1536w, https:\/\/extension.uncoma.edu.ar\/wp-content\/uploads\/2023\/04\/IMG-20230417-WA0018.jpg 1600w\" sizes=\"(max-width: 300px) 100vw, 300px\" \/><\/p>\n<p>&nbsp;<\/p>\n","protected":false},"excerpt":{"rendered":"<p>Hoy comienza el programa\u00a0Awkin Kimvn, el ciclo radial de la  [&#8230;]<\/p>\n","protected":false},"author":9,"featured_media":3639,"comment_status":"open","ping_status":"open","sticky":false,"template":"","format":"standard","meta":{"_acf_changed":false,"footnotes":""},"categories":[119,118,120],"tags":[],"class_list":["post-3638","post","type-post","status-publish","format-standard","has-post-thumbnail","hentry","category-consejo-de-extension","category-cultura","category-prensa"],"acf":[],"_links":{"self":[{"href":"https:\/\/extension.uncoma.edu.ar\/index.php\/wp-json\/wp\/v2\/posts\/3638","targetHints":{"allow":["GET"]}}],"collection":[{"href":"https:\/\/extension.uncoma.edu.ar\/index.php\/wp-json\/wp\/v2\/posts"}],"about":[{"href":"https:\/\/extension.uncoma.edu.ar\/index.php\/wp-json\/wp\/v2\/types\/post"}],"author":[{"embeddable":true,"href":"https:\/\/extension.uncoma.edu.ar\/index.php\/wp-json\/wp\/v2\/users\/9"}],"replies":[{"embeddable":true,"href":"https:\/\/extension.uncoma.edu.ar\/index.php\/wp-json\/wp\/v2\/comments?post=3638"}],"version-history":[{"count":1,"href":"https:\/\/extension.uncoma.edu.ar\/index.php\/wp-json\/wp\/v2\/posts\/3638\/revisions"}],"predecessor-version":[{"id":3641,"href":"https:\/\/extension.uncoma.edu.ar\/index.php\/wp-json\/wp\/v2\/posts\/3638\/revisions\/3641"}],"wp:featuredmedia":[{"embeddable":true,"href":"https:\/\/extension.uncoma.edu.ar\/index.php\/wp-json\/wp\/v2\/media\/3639"}],"wp:attachment":[{"href":"https:\/\/extension.uncoma.edu.ar\/index.php\/wp-json\/wp\/v2\/media?parent=3638"}],"wp:term":[{"taxonomy":"category","embeddable":true,"href":"https:\/\/extension.uncoma.edu.ar\/index.php\/wp-json\/wp\/v2\/categories?post=3638"},{"taxonomy":"post_tag","embeddable":true,"href":"https:\/\/extension.uncoma.edu.ar\/index.php\/wp-json\/wp\/v2\/tags?post=3638"}],"curies":[{"name":"wp","href":"https:\/\/api.w.org\/{rel}","templated":true}]}}