{"id":3624,"date":"2023-04-14T10:20:11","date_gmt":"2023-04-14T13:20:11","guid":{"rendered":"https:\/\/extension.uncoma.edu.ar\/?p=3624"},"modified":"2023-04-14T10:23:06","modified_gmt":"2023-04-14T13:23:06","slug":"hoy-comienza-el-ciclo-radial-extension-comahue","status":"publish","type":"post","link":"https:\/\/extension.uncoma.edu.ar\/index.php\/consejo-de-extension\/hoy-comienza-el-ciclo-radial-extension-comahue\/","title":{"rendered":"Hoy comienza el Ciclo radial Extensi\u00f3n Comahue"},"content":{"rendered":"<p>HOY comienza <strong>Extensi\u00f3n Comahue<\/strong>, el programa radial de la Secretar\u00eda de Extensi\u00f3n Universitaria que se emitir\u00e1 por la FM 103.7 Universidad-Calf.<\/p>\n<p>Con la conducci\u00f3n de Dami\u00e1n Cancelo, los d\u00edas viernes a partir de las 17 hs. se desarrollar\u00e1n temas de la actualidad local, regional y nacional y se difundir\u00e1n los proyectos y programas que la Universidad Nacional del Comahue promueve en todas las localidades de Neuqu\u00e9n y R\u00edo Negro donde tiene presencia.<\/p>\n<p>El primer programa del Ciclo 2023 contar\u00e1 con la participaci\u00f3n de Gabriel Rafart, Jorge Rodr\u00edguez, Mara Collinao y Pablo Kogan.<\/p>\n<p>&nbsp;<\/p>\n<p><strong>Extensi\u00f3n Comahue<\/strong><br \/>\nViernes a las 17 hs.<br \/>\n<a href=\"https:\/\/universidadcalf.com\/\">FM 103.7 Universidad-Calf<\/a><\/p>\n<p><img decoding=\"async\" src=\"http:\/\/extension.uncoma.edu.ar\/wp-content\/uploads\/2023\/04\/Radio-Extension-Comahue_Mesa-de-trabajo-1-1-300x300.jpg\" alt=\"\" width=\"300\" height=\"300\" class=\"alignnone size-medium wp-image-3627\" srcset=\"https:\/\/extension.uncoma.edu.ar\/wp-content\/uploads\/2023\/04\/Radio-Extension-Comahue_Mesa-de-trabajo-1-1-66x66.jpg 66w, https:\/\/extension.uncoma.edu.ar\/wp-content\/uploads\/2023\/04\/Radio-Extension-Comahue_Mesa-de-trabajo-1-1-150x150.jpg 150w, https:\/\/extension.uncoma.edu.ar\/wp-content\/uploads\/2023\/04\/Radio-Extension-Comahue_Mesa-de-trabajo-1-1-200x200.jpg 200w, https:\/\/extension.uncoma.edu.ar\/wp-content\/uploads\/2023\/04\/Radio-Extension-Comahue_Mesa-de-trabajo-1-1-300x300.jpg 300w, https:\/\/extension.uncoma.edu.ar\/wp-content\/uploads\/2023\/04\/Radio-Extension-Comahue_Mesa-de-trabajo-1-1-400x400.jpg 400w, https:\/\/extension.uncoma.edu.ar\/wp-content\/uploads\/2023\/04\/Radio-Extension-Comahue_Mesa-de-trabajo-1-1-600x600.jpg 600w, https:\/\/extension.uncoma.edu.ar\/wp-content\/uploads\/2023\/04\/Radio-Extension-Comahue_Mesa-de-trabajo-1-1-768x768.jpg 768w, https:\/\/extension.uncoma.edu.ar\/wp-content\/uploads\/2023\/04\/Radio-Extension-Comahue_Mesa-de-trabajo-1-1-800x800.jpg 800w, https:\/\/extension.uncoma.edu.ar\/wp-content\/uploads\/2023\/04\/Radio-Extension-Comahue_Mesa-de-trabajo-1-1-1024x1024.jpg 1024w, https:\/\/extension.uncoma.edu.ar\/wp-content\/uploads\/2023\/04\/Radio-Extension-Comahue_Mesa-de-trabajo-1-1-1200x1200.jpg 1200w, https:\/\/extension.uncoma.edu.ar\/wp-content\/uploads\/2023\/04\/Radio-Extension-Comahue_Mesa-de-trabajo-1-1-1536x1536.jpg 1536w, https:\/\/extension.uncoma.edu.ar\/wp-content\/uploads\/2023\/04\/Radio-Extension-Comahue_Mesa-de-trabajo-1-1.jpg 2481w\" sizes=\"(max-width: 300px) 100vw, 300px\" \/><\/p>\n","protected":false},"excerpt":{"rendered":"<p>HOY comienza Extensi\u00f3n Comahue, el programa radial de la Secretar\u00eda  [&#8230;]<\/p>\n","protected":false},"author":9,"featured_media":3626,"comment_status":"open","ping_status":"open","sticky":false,"template":"","format":"standard","meta":{"_acf_changed":false,"footnotes":""},"categories":[119,120],"tags":[],"class_list":["post-3624","post","type-post","status-publish","format-standard","has-post-thumbnail","hentry","category-consejo-de-extension","category-prensa"],"acf":[],"_links":{"self":[{"href":"https:\/\/extension.uncoma.edu.ar\/index.php\/wp-json\/wp\/v2\/posts\/3624","targetHints":{"allow":["GET"]}}],"collection":[{"href":"https:\/\/extension.uncoma.edu.ar\/index.php\/wp-json\/wp\/v2\/posts"}],"about":[{"href":"https:\/\/extension.uncoma.edu.ar\/index.php\/wp-json\/wp\/v2\/types\/post"}],"author":[{"embeddable":true,"href":"https:\/\/extension.uncoma.edu.ar\/index.php\/wp-json\/wp\/v2\/users\/9"}],"replies":[{"embeddable":true,"href":"https:\/\/extension.uncoma.edu.ar\/index.php\/wp-json\/wp\/v2\/comments?post=3624"}],"version-history":[{"count":3,"href":"https:\/\/extension.uncoma.edu.ar\/index.php\/wp-json\/wp\/v2\/posts\/3624\/revisions"}],"predecessor-version":[{"id":3630,"href":"https:\/\/extension.uncoma.edu.ar\/index.php\/wp-json\/wp\/v2\/posts\/3624\/revisions\/3630"}],"wp:featuredmedia":[{"embeddable":true,"href":"https:\/\/extension.uncoma.edu.ar\/index.php\/wp-json\/wp\/v2\/media\/3626"}],"wp:attachment":[{"href":"https:\/\/extension.uncoma.edu.ar\/index.php\/wp-json\/wp\/v2\/media?parent=3624"}],"wp:term":[{"taxonomy":"category","embeddable":true,"href":"https:\/\/extension.uncoma.edu.ar\/index.php\/wp-json\/wp\/v2\/categories?post=3624"},{"taxonomy":"post_tag","embeddable":true,"href":"https:\/\/extension.uncoma.edu.ar\/index.php\/wp-json\/wp\/v2\/tags?post=3624"}],"curies":[{"name":"wp","href":"https:\/\/api.w.org\/{rel}","templated":true}]}}