{"id":3576,"date":"2023-04-04T09:27:22","date_gmt":"2023-04-04T12:27:22","guid":{"rendered":"https:\/\/extension.uncoma.edu.ar\/?p=3576"},"modified":"2023-04-04T09:27:22","modified_gmt":"2023-04-04T12:27:22","slug":"carlos-fuentealba-presente","status":"publish","type":"post","link":"https:\/\/extension.uncoma.edu.ar\/index.php\/consejo-de-extension\/carlos-fuentealba-presente\/","title":{"rendered":"\u00a1Carlos Fuentealba Presente!"},"content":{"rendered":"<p>A 16 a\u00f1os del asesinato del maestro Carlos Fuentealba acompa\u00f1amos a ATEN y toda la docencia neuquina en su recuerdo. Hoy, despu\u00e9s del fallo hist\u00f3rico que conden\u00f3 a los altos jefes policiales que planificaron y ordenaron la represi\u00f3n del 4 de abril en Arroyito, Neuqu\u00e9n, la justicia es un poco m\u00e1s completa pero seguimos acompa\u00f1ando en su reclamo. Desde la Secretar\u00eda de Extensi\u00f3n buscamos mantener viva la memoria de Carlos Fuentealba.<\/p>\n<p>&nbsp;<\/p>\n<p><img decoding=\"async\" src=\"http:\/\/extension.uncoma.edu.ar\/wp-content\/uploads\/2023\/04\/Fuentealba_Mesa-de-trabajo-1-300x212.jpg\" alt=\"\" width=\"300\" height=\"212\" class=\"alignnone size-medium wp-image-3578\" srcset=\"https:\/\/extension.uncoma.edu.ar\/wp-content\/uploads\/2023\/04\/Fuentealba_Mesa-de-trabajo-1-200x142.jpg 200w, https:\/\/extension.uncoma.edu.ar\/wp-content\/uploads\/2023\/04\/Fuentealba_Mesa-de-trabajo-1-300x212.jpg 300w, https:\/\/extension.uncoma.edu.ar\/wp-content\/uploads\/2023\/04\/Fuentealba_Mesa-de-trabajo-1-400x283.jpg 400w, https:\/\/extension.uncoma.edu.ar\/wp-content\/uploads\/2023\/04\/Fuentealba_Mesa-de-trabajo-1-600x425.jpg 600w, https:\/\/extension.uncoma.edu.ar\/wp-content\/uploads\/2023\/04\/Fuentealba_Mesa-de-trabajo-1-768x543.jpg 768w, https:\/\/extension.uncoma.edu.ar\/wp-content\/uploads\/2023\/04\/Fuentealba_Mesa-de-trabajo-1-800x566.jpg 800w, https:\/\/extension.uncoma.edu.ar\/wp-content\/uploads\/2023\/04\/Fuentealba_Mesa-de-trabajo-1-1024x725.jpg 1024w, https:\/\/extension.uncoma.edu.ar\/wp-content\/uploads\/2023\/04\/Fuentealba_Mesa-de-trabajo-1-1200x849.jpg 1200w, https:\/\/extension.uncoma.edu.ar\/wp-content\/uploads\/2023\/04\/Fuentealba_Mesa-de-trabajo-1-1536x1087.jpg 1536w, https:\/\/extension.uncoma.edu.ar\/wp-content\/uploads\/2023\/04\/Fuentealba_Mesa-de-trabajo-1.jpg 1754w\" sizes=\"(max-width: 300px) 100vw, 300px\" \/><\/p>\n","protected":false},"excerpt":{"rendered":"<p>A 16 a\u00f1os del asesinato del maestro Carlos Fuentealba acompa\u00f1amos  [&#8230;]<\/p>\n","protected":false},"author":9,"featured_media":3578,"comment_status":"open","ping_status":"open","sticky":false,"template":"","format":"standard","meta":{"_acf_changed":false,"footnotes":""},"categories":[119,120],"tags":[],"class_list":["post-3576","post","type-post","status-publish","format-standard","has-post-thumbnail","hentry","category-consejo-de-extension","category-prensa"],"acf":[],"_links":{"self":[{"href":"https:\/\/extension.uncoma.edu.ar\/index.php\/wp-json\/wp\/v2\/posts\/3576","targetHints":{"allow":["GET"]}}],"collection":[{"href":"https:\/\/extension.uncoma.edu.ar\/index.php\/wp-json\/wp\/v2\/posts"}],"about":[{"href":"https:\/\/extension.uncoma.edu.ar\/index.php\/wp-json\/wp\/v2\/types\/post"}],"author":[{"embeddable":true,"href":"https:\/\/extension.uncoma.edu.ar\/index.php\/wp-json\/wp\/v2\/users\/9"}],"replies":[{"embeddable":true,"href":"https:\/\/extension.uncoma.edu.ar\/index.php\/wp-json\/wp\/v2\/comments?post=3576"}],"version-history":[{"count":1,"href":"https:\/\/extension.uncoma.edu.ar\/index.php\/wp-json\/wp\/v2\/posts\/3576\/revisions"}],"predecessor-version":[{"id":3579,"href":"https:\/\/extension.uncoma.edu.ar\/index.php\/wp-json\/wp\/v2\/posts\/3576\/revisions\/3579"}],"wp:featuredmedia":[{"embeddable":true,"href":"https:\/\/extension.uncoma.edu.ar\/index.php\/wp-json\/wp\/v2\/media\/3578"}],"wp:attachment":[{"href":"https:\/\/extension.uncoma.edu.ar\/index.php\/wp-json\/wp\/v2\/media?parent=3576"}],"wp:term":[{"taxonomy":"category","embeddable":true,"href":"https:\/\/extension.uncoma.edu.ar\/index.php\/wp-json\/wp\/v2\/categories?post=3576"},{"taxonomy":"post_tag","embeddable":true,"href":"https:\/\/extension.uncoma.edu.ar\/index.php\/wp-json\/wp\/v2\/tags?post=3576"}],"curies":[{"name":"wp","href":"https:\/\/api.w.org\/{rel}","templated":true}]}}