{"id":3525,"date":"2023-03-28T09:32:01","date_gmt":"2023-03-28T12:32:01","guid":{"rendered":"https:\/\/extension.uncoma.edu.ar\/?p=3525"},"modified":"2023-03-28T09:34:18","modified_gmt":"2023-03-28T12:34:18","slug":"la-unco-le-puso-presencia-a-las-ausencias","status":"publish","type":"post","link":"https:\/\/extension.uncoma.edu.ar\/index.php\/territorio\/la-unco-le-puso-presencia-a-las-ausencias\/","title":{"rendered":"La UNCo le puso presencia a las ausencias"},"content":{"rendered":"<p>En un acto que se realiz\u00f3 en el Aula Magna de la Universidad Nacional del Comahue se entregaron a los familiares los legajos de 18 estudiantes, trabajadoras y trabajadores de esta casa de altos estudios desaparecidos durante la dictadura.<br \/>\nLos legajos corresponden a Oscar Humberto Andrada; Juan Carlos Castillo; Oscar Hodola, Javier Seminario; Lilian Gimenez; H\u00e9ctor Campos; Arlene Seguel; Mirta Tronelli; Cecilia Vecchi; Alicia Pifarr\u00e9; Adri\u00e1n Daniel Ram\u00edrez; Luis Frum; Susana Mujica; Graciela Hern\u00e1ndez; M\u00f3nica Mor\u00e1n; Ricardo Alfredo Raby, Rodolfo Mario Taberna y Miguel Angel Tierno.<\/p>\n<div style=\"width: 640px;\" class=\"wp-video\"><video class=\"wp-video-shortcode\" id=\"video-3525-1\" width=\"640\" height=\"360\" preload=\"metadata\" controls=\"controls\"><source type=\"video\/mp4\" src=\"http:\/\/extension.uncoma.edu.ar\/wp-content\/uploads\/2023\/03\/VID-20230328-WA0001.mp4?_=1\" \/><a href=\"http:\/\/extension.uncoma.edu.ar\/wp-content\/uploads\/2023\/03\/VID-20230328-WA0001.mp4\">http:\/\/extension.uncoma.edu.ar\/wp-content\/uploads\/2023\/03\/VID-20230328-WA0001.mp4<\/a><\/video><\/div>\n<p>&nbsp;<\/p>\n<p>Durante la ceremonia hicieron uso de la palabra en representaci\u00f3n de familiares y compa\u00f1eros de las v\u00edctimas Ra\u00fal Seone, Juan Villarreal (que ley\u00f3 dos poemas del libro \u201cEl hijo del poeta\u201d de Jorge Areta), \u00c9lida Cifuentes, Pablo Hodola y Dora Seguel, entre otros.<br \/>\nPosteriormente, el Secretario de Extensi\u00f3n Dami\u00e1n Cancelo expres\u00f3 \u00abel placer, la alegr\u00eda y emoci\u00f3n que significa estar en esta Aula Magna, que es sin dudas el centro neur\u00e1lgico de la Universidad.<br \/>\nEs para nosotrxs, este encuentro, un acto de reparaci\u00f3n hist\u00f3rica, de reparaci\u00f3n identitaria, en defensa permanente de la memoria y en lucha por la vida y la verdad, en reclamo por la justicia.<br \/>\nDar presencia a las ausencias, poner en valor los 40 a\u00f1os de democracia, entender los 50 a\u00f1os de Comahue y, porque no, proyectar los pr\u00f3ximos 50 a\u00f1os a\u00fan sin saber de la existencia de estudiantes, docentes y nodocentes desaparecidos y desaparecidas en dictadura.<br \/>\nEn este dif\u00edcil contexto, donde se ponen en duda los derechos y la propia democracia es cuestionada, \u00a1la memoria m\u00e1s se planta!<br \/>\nComo dec\u00eda el querido Osvaldo Bayer: <em>En democracia, la autocr\u00edtica no significa dar un paso atr\u00e1s sino uno adelante<\/em>.<br \/>\nNo tengo dudas que ahora y aqu\u00ed, en Comahue, este acto representa ese peque\u00f1o paso hacia adelante&#8230; Compa\u00f1eros y compa\u00f1eras, \u00a1\u00a1NUNCA M\u00c1S!!\u00bb<\/p>\n<p><img decoding=\"async\" src=\"http:\/\/extension.uncoma.edu.ar\/wp-content\/uploads\/2023\/03\/20230327_183234-300x169.jpg\" alt=\"\" width=\"300\" height=\"169\" class=\"alignnone size-medium wp-image-3528\" srcset=\"https:\/\/extension.uncoma.edu.ar\/wp-content\/uploads\/2023\/03\/20230327_183234-200x113.jpg 200w, https:\/\/extension.uncoma.edu.ar\/wp-content\/uploads\/2023\/03\/20230327_183234-300x169.jpg 300w, https:\/\/extension.uncoma.edu.ar\/wp-content\/uploads\/2023\/03\/20230327_183234-400x225.jpg 400w, https:\/\/extension.uncoma.edu.ar\/wp-content\/uploads\/2023\/03\/20230327_183234-600x338.jpg 600w, https:\/\/extension.uncoma.edu.ar\/wp-content\/uploads\/2023\/03\/20230327_183234-768x432.jpg 768w, https:\/\/extension.uncoma.edu.ar\/wp-content\/uploads\/2023\/03\/20230327_183234-800x450.jpg 800w, https:\/\/extension.uncoma.edu.ar\/wp-content\/uploads\/2023\/03\/20230327_183234-1024x576.jpg 1024w, https:\/\/extension.uncoma.edu.ar\/wp-content\/uploads\/2023\/03\/20230327_183234-1200x675.jpg 1200w, https:\/\/extension.uncoma.edu.ar\/wp-content\/uploads\/2023\/03\/20230327_183234-1536x864.jpg 1536w, https:\/\/extension.uncoma.edu.ar\/wp-content\/uploads\/2023\/03\/20230327_183234.jpg 2000w\" sizes=\"(max-width: 300px) 100vw, 300px\" \/><\/p>\n<p>A continuaci\u00f3n, la rectora Beatriz Gentile dio un discurso que resignific\u00f3 el nombre \u00abSalvador Allende\u00bb que lleva el principal recinto de la Universidad y expres\u00f3 que con estos actos \u201cle estamos poniendo presencia a una ausencia&#8230; En estos legajos hay parte de la historia personal, pero tambi\u00e9n de la historia argentina\u201d.<br \/>\nEl acto finaliz\u00f3 con la actuaci\u00f3n del Coro Universitario, dirigido por Manuela Saralegui, quien interpret\u00f3 \u00abComo la cigarra\u00bb, \u00abSerenata para la tierra de uno\u00bb y \u00abEntre el espanto y la ternura\u00bb.<\/p>\n<p><img decoding=\"async\" src=\"http:\/\/extension.uncoma.edu.ar\/wp-content\/uploads\/2023\/03\/IMG-20230327-WA0040-300x199.jpg\" alt=\"\" width=\"300\" height=\"199\" class=\"alignnone size-medium wp-image-3529\" srcset=\"https:\/\/extension.uncoma.edu.ar\/wp-content\/uploads\/2023\/03\/IMG-20230327-WA0040-200x132.jpg 200w, https:\/\/extension.uncoma.edu.ar\/wp-content\/uploads\/2023\/03\/IMG-20230327-WA0040-300x199.jpg 300w, https:\/\/extension.uncoma.edu.ar\/wp-content\/uploads\/2023\/03\/IMG-20230327-WA0040-400x265.jpg 400w, https:\/\/extension.uncoma.edu.ar\/wp-content\/uploads\/2023\/03\/IMG-20230327-WA0040-600x397.jpg 600w, https:\/\/extension.uncoma.edu.ar\/wp-content\/uploads\/2023\/03\/IMG-20230327-WA0040-768x508.jpg 768w, https:\/\/extension.uncoma.edu.ar\/wp-content\/uploads\/2023\/03\/IMG-20230327-WA0040-800x530.jpg 800w, https:\/\/extension.uncoma.edu.ar\/wp-content\/uploads\/2023\/03\/IMG-20230327-WA0040-1024x678.jpg 1024w, https:\/\/extension.uncoma.edu.ar\/wp-content\/uploads\/2023\/03\/IMG-20230327-WA0040-1200x794.jpg 1200w, https:\/\/extension.uncoma.edu.ar\/wp-content\/uploads\/2023\/03\/IMG-20230327-WA0040-1536x1017.jpg 1536w, https:\/\/extension.uncoma.edu.ar\/wp-content\/uploads\/2023\/03\/IMG-20230327-WA0040.jpg 1600w\" sizes=\"(max-width: 300px) 100vw, 300px\" \/><\/p>\n<p>&nbsp;<\/p>\n<p>M\u00e1s informaci\u00f3n sobre el Acto en <a href=\"https:\/\/www.uncoma.edu.ar\/acto-de-reparacion-historica-de-la-unco-a-victimas-del-terrorismo-de-estado\/\">Prensa UNCo<\/a>.<\/p>\n<p>&nbsp;<\/p>\n","protected":false},"excerpt":{"rendered":"<p>En un acto que se realiz\u00f3 en el Aula Magna  [&#8230;]<\/p>\n","protected":false},"author":9,"featured_media":3526,"comment_status":"open","ping_status":"open","sticky":false,"template":"","format":"standard","meta":{"_acf_changed":false,"footnotes":""},"categories":[118,120,116],"tags":[],"class_list":["post-3525","post","type-post","status-publish","format-standard","has-post-thumbnail","hentry","category-cultura","category-prensa","category-territorio"],"acf":[],"_links":{"self":[{"href":"https:\/\/extension.uncoma.edu.ar\/index.php\/wp-json\/wp\/v2\/posts\/3525","targetHints":{"allow":["GET"]}}],"collection":[{"href":"https:\/\/extension.uncoma.edu.ar\/index.php\/wp-json\/wp\/v2\/posts"}],"about":[{"href":"https:\/\/extension.uncoma.edu.ar\/index.php\/wp-json\/wp\/v2\/types\/post"}],"author":[{"embeddable":true,"href":"https:\/\/extension.uncoma.edu.ar\/index.php\/wp-json\/wp\/v2\/users\/9"}],"replies":[{"embeddable":true,"href":"https:\/\/extension.uncoma.edu.ar\/index.php\/wp-json\/wp\/v2\/comments?post=3525"}],"version-history":[{"count":3,"href":"https:\/\/extension.uncoma.edu.ar\/index.php\/wp-json\/wp\/v2\/posts\/3525\/revisions"}],"predecessor-version":[{"id":3532,"href":"https:\/\/extension.uncoma.edu.ar\/index.php\/wp-json\/wp\/v2\/posts\/3525\/revisions\/3532"}],"wp:featuredmedia":[{"embeddable":true,"href":"https:\/\/extension.uncoma.edu.ar\/index.php\/wp-json\/wp\/v2\/media\/3526"}],"wp:attachment":[{"href":"https:\/\/extension.uncoma.edu.ar\/index.php\/wp-json\/wp\/v2\/media?parent=3525"}],"wp:term":[{"taxonomy":"category","embeddable":true,"href":"https:\/\/extension.uncoma.edu.ar\/index.php\/wp-json\/wp\/v2\/categories?post=3525"},{"taxonomy":"post_tag","embeddable":true,"href":"https:\/\/extension.uncoma.edu.ar\/index.php\/wp-json\/wp\/v2\/tags?post=3525"}],"curies":[{"name":"wp","href":"https:\/\/api.w.org\/{rel}","templated":true}]}}