{"id":3501,"date":"2023-03-23T10:45:11","date_gmt":"2023-03-23T13:45:11","guid":{"rendered":"https:\/\/extension.uncoma.edu.ar\/?p=3501"},"modified":"2023-03-23T10:45:11","modified_gmt":"2023-03-23T13:45:11","slug":"reconocimiento-a-raul-mercado-en-el-aula-magna","status":"publish","type":"post","link":"https:\/\/extension.uncoma.edu.ar\/index.php\/cultura\/reconocimiento-a-raul-mercado-en-el-aula-magna\/","title":{"rendered":"Reconocimiento a Ra\u00fal Mercado en el Aula Magna"},"content":{"rendered":"<p>La Secretar\u00eda de Extensi\u00f3n y la Academia Nacional del Folklore reconocer\u00e1n la trayectoria nacional e internacional de Ra\u00fal Mercado. El acto se llevar\u00e1 a cabo el pr\u00f3ximo martes 28 de marzo a partir de las 20 horas en el Aula Magna Salvador Allende.<br \/>\nRa\u00fal Mercado es un reconocido aerofonista riojano; fue m\u00fasico integrante del grupo \u00abLos Andariegos\u00bb y del grupo \u00abLos dos mundos\u00bb con Miguel \u00c1ngel Estrella. Actualmente reside en Neuqu\u00e9n.<br \/>\nComo compositor es autor de la partici\u00f3n de la comedia musical \u201cT\u00fapac Tosco\u201d, las cantatas \u201cEl serm\u00f3n de la monta\u00f1a\u201d; \u201cDe mi Pa\u00eds\u201d (Con \u00c1ngel Ritro); \u201cDe los Libertadores\u201d (con textos de Pablo Neruda). Del poeta chileno utiliza tambi\u00e9n textos para realizar la m\u00fasica del espect\u00e1culo \u201cLas alturas de Machu Pichu\u201d, entre otras.<br \/>\nEn el acto tambi\u00e9n se lo nombrar\u00e1 Miembro Honorario de la Academia Nacional de Folklore que dirige actualmente Jos\u00e9 Luis Casti\u00f1eira de Dios, y que estar\u00e1 presente en Neuqu\u00e9n para la ocasi\u00f3n.<\/p>\n<p>M\u00e1s informaci\u00f3n sobre <a href=\"https:\/\/unlp.edu.ar\/arte\/catedras_libres\/raul_mercado-6433-11433\/\">Ra\u00fal Mercado<\/a>.<\/p>\n<p><img decoding=\"async\" src=\"http:\/\/extension.uncoma.edu.ar\/wp-content\/uploads\/2023\/03\/Reconocimiento-Raul-Mercado_Mesa-de-trabajo-1_Mesa-de-trabajo-1-212x300.jpg\" alt=\"\" width=\"212\" height=\"300\" class=\"alignnone size-medium wp-image-3502\" srcset=\"https:\/\/extension.uncoma.edu.ar\/wp-content\/uploads\/2023\/03\/Reconocimiento-Raul-Mercado_Mesa-de-trabajo-1_Mesa-de-trabajo-1-200x283.jpg 200w, https:\/\/extension.uncoma.edu.ar\/wp-content\/uploads\/2023\/03\/Reconocimiento-Raul-Mercado_Mesa-de-trabajo-1_Mesa-de-trabajo-1-212x300.jpg 212w, https:\/\/extension.uncoma.edu.ar\/wp-content\/uploads\/2023\/03\/Reconocimiento-Raul-Mercado_Mesa-de-trabajo-1_Mesa-de-trabajo-1-400x566.jpg 400w, https:\/\/extension.uncoma.edu.ar\/wp-content\/uploads\/2023\/03\/Reconocimiento-Raul-Mercado_Mesa-de-trabajo-1_Mesa-de-trabajo-1-600x849.jpg 600w, https:\/\/extension.uncoma.edu.ar\/wp-content\/uploads\/2023\/03\/Reconocimiento-Raul-Mercado_Mesa-de-trabajo-1_Mesa-de-trabajo-1-724x1024.jpg 724w, https:\/\/extension.uncoma.edu.ar\/wp-content\/uploads\/2023\/03\/Reconocimiento-Raul-Mercado_Mesa-de-trabajo-1_Mesa-de-trabajo-1-768x1086.jpg 768w, https:\/\/extension.uncoma.edu.ar\/wp-content\/uploads\/2023\/03\/Reconocimiento-Raul-Mercado_Mesa-de-trabajo-1_Mesa-de-trabajo-1-800x1131.jpg 800w, https:\/\/extension.uncoma.edu.ar\/wp-content\/uploads\/2023\/03\/Reconocimiento-Raul-Mercado_Mesa-de-trabajo-1_Mesa-de-trabajo-1-1086x1536.jpg 1086w, https:\/\/extension.uncoma.edu.ar\/wp-content\/uploads\/2023\/03\/Reconocimiento-Raul-Mercado_Mesa-de-trabajo-1_Mesa-de-trabajo-1-1200x1697.jpg 1200w, https:\/\/extension.uncoma.edu.ar\/wp-content\/uploads\/2023\/03\/Reconocimiento-Raul-Mercado_Mesa-de-trabajo-1_Mesa-de-trabajo-1-1448x2048.jpg 1448w, https:\/\/extension.uncoma.edu.ar\/wp-content\/uploads\/2023\/03\/Reconocimiento-Raul-Mercado_Mesa-de-trabajo-1_Mesa-de-trabajo-1-scaled.jpg 1810w\" sizes=\"(max-width: 212px) 100vw, 212px\" \/><\/p>\n","protected":false},"excerpt":{"rendered":"<p>La Secretar\u00eda de Extensi\u00f3n y la Academia Nacional del Folklore  [&#8230;]<\/p>\n","protected":false},"author":9,"featured_media":3502,"comment_status":"open","ping_status":"open","sticky":false,"template":"","format":"standard","meta":{"_acf_changed":false,"footnotes":""},"categories":[118,120],"tags":[],"class_list":["post-3501","post","type-post","status-publish","format-standard","has-post-thumbnail","hentry","category-cultura","category-prensa"],"acf":[],"_links":{"self":[{"href":"https:\/\/extension.uncoma.edu.ar\/index.php\/wp-json\/wp\/v2\/posts\/3501","targetHints":{"allow":["GET"]}}],"collection":[{"href":"https:\/\/extension.uncoma.edu.ar\/index.php\/wp-json\/wp\/v2\/posts"}],"about":[{"href":"https:\/\/extension.uncoma.edu.ar\/index.php\/wp-json\/wp\/v2\/types\/post"}],"author":[{"embeddable":true,"href":"https:\/\/extension.uncoma.edu.ar\/index.php\/wp-json\/wp\/v2\/users\/9"}],"replies":[{"embeddable":true,"href":"https:\/\/extension.uncoma.edu.ar\/index.php\/wp-json\/wp\/v2\/comments?post=3501"}],"version-history":[{"count":1,"href":"https:\/\/extension.uncoma.edu.ar\/index.php\/wp-json\/wp\/v2\/posts\/3501\/revisions"}],"predecessor-version":[{"id":3503,"href":"https:\/\/extension.uncoma.edu.ar\/index.php\/wp-json\/wp\/v2\/posts\/3501\/revisions\/3503"}],"wp:featuredmedia":[{"embeddable":true,"href":"https:\/\/extension.uncoma.edu.ar\/index.php\/wp-json\/wp\/v2\/media\/3502"}],"wp:attachment":[{"href":"https:\/\/extension.uncoma.edu.ar\/index.php\/wp-json\/wp\/v2\/media?parent=3501"}],"wp:term":[{"taxonomy":"category","embeddable":true,"href":"https:\/\/extension.uncoma.edu.ar\/index.php\/wp-json\/wp\/v2\/categories?post=3501"},{"taxonomy":"post_tag","embeddable":true,"href":"https:\/\/extension.uncoma.edu.ar\/index.php\/wp-json\/wp\/v2\/tags?post=3501"}],"curies":[{"name":"wp","href":"https:\/\/api.w.org\/{rel}","templated":true}]}}