{"id":3492,"date":"2023-03-23T06:56:12","date_gmt":"2023-03-23T09:56:12","guid":{"rendered":"https:\/\/extension.uncoma.edu.ar\/?p=3492"},"modified":"2023-03-22T14:06:25","modified_gmt":"2023-03-22T17:06:25","slug":"entrevista-a-marcelo-britos","status":"publish","type":"post","link":"https:\/\/extension.uncoma.edu.ar\/index.php\/cultura\/entrevista-a-marcelo-britos\/","title":{"rendered":"Entrevista a Marcelo Britos"},"content":{"rendered":"<p>En la columna Hablalapalabra que se emite los mi\u00e9rcoles a las 10.30 hs en el programa La Banda Ancha de la FM 103.7 Universidad-Calf entrevistamos a Marcelo Britos, autor de la novela \u00abEl aserradero\u00bb (Ediciones UNR) a prop\u00f3sito de la presentaci\u00f3n que se realizar\u00e1 el jueves 23 de marzo en el Sal\u00f3n Azul de la Biblioteca central en el marco de la Semana de la Memoria en Humanidades.<\/p>\n<p>&nbsp;<\/p>\n<audio class=\"wp-audio-shortcode\" id=\"audio-3492-1\" preload=\"none\" style=\"width: 100%;\" controls=\"controls\"><source type=\"audio\/mpeg\" src=\"http:\/\/extension.uncoma.edu.ar\/wp-content\/uploads\/2023\/03\/230322-Marcelo-Britos.mp3?_=1\" \/><a href=\"http:\/\/extension.uncoma.edu.ar\/wp-content\/uploads\/2023\/03\/230322-Marcelo-Britos.mp3\">http:\/\/extension.uncoma.edu.ar\/wp-content\/uploads\/2023\/03\/230322-Marcelo-Britos.mp3<\/a><\/audio>\n<p>&nbsp;<\/p>\n<p>En la misma compartir\u00e1n sus lecturas y miradas en torno de esta novela tres graduades del Profesorado en Letras de la Facultad de Humanidades: Fernanda Bustamante, Mar\u00eda Clara Lavall\u00e9n Kenny y Sebasti\u00e1n Alegre.<\/p>\n<p>&nbsp;<\/p>\n<p>&nbsp;<\/p>\n<p>&nbsp;<\/p>\n","protected":false},"excerpt":{"rendered":"<p>En la columna Hablalapalabra que se emite los mi\u00e9rcoles a  [&#8230;]<\/p>\n","protected":false},"author":9,"featured_media":3493,"comment_status":"open","ping_status":"open","sticky":false,"template":"","format":"standard","meta":{"_acf_changed":false,"footnotes":""},"categories":[118,120],"tags":[],"class_list":["post-3492","post","type-post","status-publish","format-standard","has-post-thumbnail","hentry","category-cultura","category-prensa"],"acf":[],"_links":{"self":[{"href":"https:\/\/extension.uncoma.edu.ar\/index.php\/wp-json\/wp\/v2\/posts\/3492","targetHints":{"allow":["GET"]}}],"collection":[{"href":"https:\/\/extension.uncoma.edu.ar\/index.php\/wp-json\/wp\/v2\/posts"}],"about":[{"href":"https:\/\/extension.uncoma.edu.ar\/index.php\/wp-json\/wp\/v2\/types\/post"}],"author":[{"embeddable":true,"href":"https:\/\/extension.uncoma.edu.ar\/index.php\/wp-json\/wp\/v2\/users\/9"}],"replies":[{"embeddable":true,"href":"https:\/\/extension.uncoma.edu.ar\/index.php\/wp-json\/wp\/v2\/comments?post=3492"}],"version-history":[{"count":1,"href":"https:\/\/extension.uncoma.edu.ar\/index.php\/wp-json\/wp\/v2\/posts\/3492\/revisions"}],"predecessor-version":[{"id":3495,"href":"https:\/\/extension.uncoma.edu.ar\/index.php\/wp-json\/wp\/v2\/posts\/3492\/revisions\/3495"}],"wp:featuredmedia":[{"embeddable":true,"href":"https:\/\/extension.uncoma.edu.ar\/index.php\/wp-json\/wp\/v2\/media\/3493"}],"wp:attachment":[{"href":"https:\/\/extension.uncoma.edu.ar\/index.php\/wp-json\/wp\/v2\/media?parent=3492"}],"wp:term":[{"taxonomy":"category","embeddable":true,"href":"https:\/\/extension.uncoma.edu.ar\/index.php\/wp-json\/wp\/v2\/categories?post=3492"},{"taxonomy":"post_tag","embeddable":true,"href":"https:\/\/extension.uncoma.edu.ar\/index.php\/wp-json\/wp\/v2\/tags?post=3492"}],"curies":[{"name":"wp","href":"https:\/\/api.w.org\/{rel}","templated":true}]}}